{"id":3496,"date":"2018-05-30T14:07:02","date_gmt":"2018-05-30T12:07:02","guid":{"rendered":"http:\/\/leslivresdaglae.fr\/?p=3496"},"modified":"2018-05-30T14:12:06","modified_gmt":"2018-05-30T12:12:06","slug":"poules-renards-viperes-3-celis","status":"publish","type":"post","link":"http:\/\/leslivresdaglae.fr\/index.php\/2018\/05\/30\/poules-renards-viperes-3-celis\/","title":{"rendered":"Poules renards vip\u00e8res &#8211; 3. C\u00e9lis"},"content":{"rendered":"<div class=\"_ebcx9\">\n<div class=\"_4a48i _277v9\">\n<p><span style=\"color: #1a51bd;\"><em>Auteur <\/em><em>:<\/em><strong><em> Paul Ivoire<\/em><\/strong><strong><em><br \/>\n<\/em><\/strong><em>Illustrateur\u00a0: <\/em><strong><em>Miss Paty<br \/>\n<\/em><\/strong><em>Editeur\u00a0:<\/em><strong><em> Poulpe Fictions<\/em><\/strong><br \/>\n<em>2018 \/ 174 pages<br \/>\n9.95<\/em><em> \u20ac<\/em><\/span><\/p>\n<p style=\"text-align: justify;\"><img loading=\"lazy\" class=\"wp-image-3497 alignleft\" src=\"http:\/\/leslivresdaglae.fr\/wp-content\/uploads\/2018\/05\/32063864_487821784954105_5007594987081170944_n_002.jpg\" alt=\"\" width=\"400\" height=\"456\" srcset=\"http:\/\/leslivresdaglae.fr\/wp-content\/uploads\/2018\/05\/32063864_487821784954105_5007594987081170944_n_002.jpg 1080w, http:\/\/leslivresdaglae.fr\/wp-content\/uploads\/2018\/05\/32063864_487821784954105_5007594987081170944_n_002-263x300.jpg 263w, http:\/\/leslivresdaglae.fr\/wp-content\/uploads\/2018\/05\/32063864_487821784954105_5007594987081170944_n_002-768x875.jpg 768w, http:\/\/leslivresdaglae.fr\/wp-content\/uploads\/2018\/05\/32063864_487821784954105_5007594987081170944_n_002-898x1024.jpg 898w\" sizes=\"(max-width: 400px) 100vw, 400px\" \/><span id=\"resume-infobull-out3175610\" class=\"resume-infobull-out\" style=\"color: #000000;\"><span id=\"resume-infobull-in3175610\" class=\"resume-infobull-in loaded\"><span title=\"Modifi\u00e9\"><span id=\"resume-infobull-out3644723\" class=\"resume-infobull-out\"><span id=\"resume-infobull-in3644723\" class=\"resume-infobull-in loaded\"><span id=\"resume-infobull-out2128976\" class=\"resume-infobull-out\"><span id=\"resume-infobull-in2128976\" class=\"resume-infobull-in loaded\">La fin des aventures d&rsquo;Albin, Zora et C\u00e9lis ! Les trois royaumes des poules, des renards et des vip\u00e8res savent d\u00e9sormais qu&rsquo;ils habitent sur une \u00eele et que la mont\u00e9e des eaux les menace. Alors que les trois peuples ouvrent de concert pour construire une digue, Grinoir et Hagard aident Griffsec \u00e0 s&rsquo;\u00e9chapper de la prison des Trois Cr\u00eates pour mettre au point leur vengeance. Gr\u00e2ce \u00e0 leurs forces combin\u00e9es, ils reprennent rapidement le contr\u00f4le du Triangle sans Nom.<br \/>\nMais C\u00e9lis, Zora, Albin et leurs amis ne s&rsquo;avouent pas vaincus et pr\u00e9parent une contre-attaque.\u00a0<\/span><\/span><\/span><\/span><\/span><\/span><\/span><\/p>\n<p style=\"text-align: justify;\"><span id=\"resume-infobull-out3175610\" class=\"resume-infobull-out\" style=\"color: #14b894;\"><span id=\"resume-infobull-in3175610\" class=\"resume-infobull-in loaded\"><span id=\"resume-infobull-out3644723\" class=\"resume-infobull-out\"><span id=\"resume-infobull-in3644723\" class=\"resume-infobull-in loaded\"><\/span><\/span><\/span><\/span><span style=\"color: #29a66a;\"><span title=\"Modifi\u00e9\"><span style=\"text-decoration: underline;\"><strong>Mon avis<\/strong><\/span>\u00a0:<\/span><span id=\"resume-infobull-out3175610\" class=\"resume-infobull-out\"><span id=\"resume-infobull-in3175610\" class=\"resume-infobull-in loaded\"><span title=\"Modifi\u00e9\"><br \/>\n<strong>\u00ab C\u00e9lis \u00bb est le dernier tome de \u00ab Poules, Renards, Vip\u00e8res\u00a0\u00bb, une trilogie que j\u2019appr\u00e9cie particuli\u00e8rement\u00a0! Ce dernier livre ne m\u2019a vraiment pas d\u00e9\u00e7ue et je peux dire que j\u2019ai beaucoup aim\u00e9 les trois tomes.<\/strong><\/span><\/span><\/span><\/span><\/p>\n<p style=\"text-align: justify;\"><strong><span style=\"color: #29a66a;\">Comme toujours avec Poulpe Fictions, les illustrations sont tr\u00e8s belles m\u00eame si elles sont en noir et blanc. La couverture est r\u00e9ussie car les personnages principaux ressortent. J\u2019aime bien le style de Miss Paty.<\/span><\/strong><\/p>\n<p style=\"text-align: justify;\"><strong><span style=\"color: #29a66a;\">Dans l\u2019histoire, j\u2019ai appr\u00e9ci\u00e9 la fa\u00e7on dont les diff\u00e9rents peuples se sont unis face aux dangers qui menacent le royaume des vip\u00e8res. Le jeune C\u00e9lis m\u2019a beaucoup plu\u00a0: ce tome met en valeur son courage. Mais Zora, la renarde, reste ma pr\u00e9f\u00e9r\u00e9e\u00a0!<\/span><\/strong><\/p>\n<p style=\"text-align: justify;\"><strong><span style=\"color: #29a66a;\">Il y a une morale comme dans les fables de Jean La Fontaine\u00a0: l\u2019eau monte sur leur \u00eele et cela me rappelle le r\u00e9chauffement climatique qui menace beaucoup d\u2019\u00eeles dans les ann\u00e9es \u00e0 venir. Il y a aussi les caract\u00e8res\u00a0: ils sont comme ceux des humains. Ils m\u2019ont aussi fait aussi penser \u00e0 un conte\u00a0: les m\u00e9chants sont punis \u00e0 la fin\u00a0!<\/span><\/strong><\/p>\n<p style=\"text-align: justify;\"><span style=\"color: #29a66a;\"><strong>Je ne l\u2019ai pas vu tout de suite, mais j&rsquo;apparais dans les remerciements, avec beaucoup d\u2019autres. C\u2019est g\u00e9nial de rentrer dans un livre\u00a0&#x1f49a;&#x1f49a;&#x1f49a; !!! Petite pr\u00e9cision\u00a0: normalement, il y a un \u00c9 \u00e0 la fin de mon pr\u00e9nom et non un<\/strong> \u00cb &#x1f609;<\/span><\/p>\n<p style=\"text-align: justify;\"><span id=\"resume-infobull-out3175610\" class=\"resume-infobull-out\"><span id=\"resume-infobull-in3175610\" class=\"resume-infobull-in loaded\"><\/span><\/span><span id=\"resume-infobull-out3175610\" class=\"resume-infobull-out\"><span id=\"resume-infobull-in3175610\" class=\"resume-infobull-in loaded\"><\/span><\/span><img loading=\"lazy\" class=\"size-full wp-image-268 alignright\" src=\"http:\/\/leslivresdaglae.fr\/wp-content\/uploads\/2016\/11\/livre42.png\" alt=\"\" width=\"127\" height=\"30\" \/><\/p>\n<p style=\"text-align: justify;\"><span style=\"color: #d90472;\"><span id=\"resume-infobull-out3175610\" class=\"resume-infobull-out\"><span id=\"resume-infobull-in3175610\" class=\"resume-infobull-in loaded\"><span title=\"Modifi\u00e9\">\u00a0<\/span><\/span><\/span><\/span><\/p>\n<p style=\"text-align: justify;\"><span style=\"color: #d90472;\"><span class=\"resume-infobull-out\"><span class=\"resume-infobull-in loaded\"><span title=\"Modifi\u00e9\">\u00a0<img loading=\"lazy\" class=\"wp-image-3500 aligncenter\" src=\"http:\/\/leslivresdaglae.fr\/wp-content\/uploads\/2018\/05\/32749615_1562556833870975_6611664185786892288_n.jpg\" alt=\"\" width=\"400\" height=\"354\" srcset=\"http:\/\/leslivresdaglae.fr\/wp-content\/uploads\/2018\/05\/32749615_1562556833870975_6611664185786892288_n.jpg 1080w, http:\/\/leslivresdaglae.fr\/wp-content\/uploads\/2018\/05\/32749615_1562556833870975_6611664185786892288_n-300x266.jpg 300w, http:\/\/leslivresdaglae.fr\/wp-content\/uploads\/2018\/05\/32749615_1562556833870975_6611664185786892288_n-768x680.jpg 768w, http:\/\/leslivresdaglae.fr\/wp-content\/uploads\/2018\/05\/32749615_1562556833870975_6611664185786892288_n-1024x906.jpg 1024w\" sizes=\"(max-width: 400px) 100vw, 400px\" \/><\/span><\/span><\/span><\/span><\/p>\n<\/div>\n<\/div>\n","protected":false},"excerpt":{"rendered":"<p>La fin des aventures d&rsquo;Albin, Zora et C\u00e9lis ! Les trois royaumes des poules, des renards et des vip\u00e8res savent d\u00e9sormais qu&rsquo;ils habitent sur une \u00eele et que la mont\u00e9e des eaux les menace. <\/p>\n","protected":false},"author":2,"featured_media":0,"comment_status":"open","ping_status":"open","sticky":false,"template":"","format":"standard","meta":[],"categories":[5,14,3],"tags":[],"post_mailing_queue_ids":[],"_links":{"self":[{"href":"http:\/\/leslivresdaglae.fr\/index.php\/wp-json\/wp\/v2\/posts\/3496"}],"collection":[{"href":"http:\/\/leslivresdaglae.fr\/index.php\/wp-json\/wp\/v2\/posts"}],"about":[{"href":"http:\/\/leslivresdaglae.fr\/index.php\/wp-json\/wp\/v2\/types\/post"}],"author":[{"embeddable":true,"href":"http:\/\/leslivresdaglae.fr\/index.php\/wp-json\/wp\/v2\/users\/2"}],"replies":[{"embeddable":true,"href":"http:\/\/leslivresdaglae.fr\/index.php\/wp-json\/wp\/v2\/comments?post=3496"}],"version-history":[{"count":7,"href":"http:\/\/leslivresdaglae.fr\/index.php\/wp-json\/wp\/v2\/posts\/3496\/revisions"}],"predecessor-version":[{"id":3505,"href":"http:\/\/leslivresdaglae.fr\/index.php\/wp-json\/wp\/v2\/posts\/3496\/revisions\/3505"}],"wp:attachment":[{"href":"http:\/\/leslivresdaglae.fr\/index.php\/wp-json\/wp\/v2\/media?parent=3496"}],"wp:term":[{"taxonomy":"category","embeddable":true,"href":"http:\/\/leslivresdaglae.fr\/index.php\/wp-json\/wp\/v2\/categories?post=3496"},{"taxonomy":"post_tag","embeddable":true,"href":"http:\/\/leslivresdaglae.fr\/index.php\/wp-json\/wp\/v2\/tags?post=3496"}],"curies":[{"name":"wp","href":"https:\/\/api.w.org\/{rel}","templated":true}]}}