{"id":3609,"date":"2018-06-18T19:14:19","date_gmt":"2018-06-18T17:14:19","guid":{"rendered":"http:\/\/leslivresdaglae.fr\/?p=3609"},"modified":"2018-06-18T19:33:23","modified_gmt":"2018-06-18T17:33:23","slug":"chroniques-du-monde-emerge-2-la-mission-de-sennar","status":"publish","type":"post","link":"http:\/\/leslivresdaglae.fr\/index.php\/2018\/06\/18\/chroniques-du-monde-emerge-2-la-mission-de-sennar\/","title":{"rendered":"Chroniques du monde \u00e9merg\u00e9 &#8211; 2. La mission de Sennar"},"content":{"rendered":"<div class=\"_ebcx9\">\n<div class=\"_4a48i _277v9\">\n<p><span style=\"color: #a65d1e;\"><em>Auteure <\/em><em>: <\/em><em><strong>Licia Troisi<br \/>\n<\/strong><\/em> <em>Editeur\u00a0:<\/em><strong><em> Pocket Jeunesse<br \/>\n<\/em><\/strong><em>2012<\/em><em> \/ 522 pages<br \/>\n8.30 \u20ac<span title=\"Modifi\u00e9\">\u00a0<\/span> <\/em><\/span><\/p>\n<p style=\"text-align: justify;\"><span title=\"Modifi\u00e9\"><img loading=\"lazy\" class=\"wp-image-3615 alignleft\" src=\"http:\/\/leslivresdaglae.fr\/wp-content\/uploads\/2018\/06\/35278333_411534462660420_4461672873886482432_n_002.jpg\" alt=\"\" width=\"400\" height=\"500\" srcset=\"http:\/\/leslivresdaglae.fr\/wp-content\/uploads\/2018\/06\/35278333_411534462660420_4461672873886482432_n_002.jpg 1080w, http:\/\/leslivresdaglae.fr\/wp-content\/uploads\/2018\/06\/35278333_411534462660420_4461672873886482432_n_002-240x300.jpg 240w, http:\/\/leslivresdaglae.fr\/wp-content\/uploads\/2018\/06\/35278333_411534462660420_4461672873886482432_n_002-768x960.jpg 768w, http:\/\/leslivresdaglae.fr\/wp-content\/uploads\/2018\/06\/35278333_411534462660420_4461672873886482432_n_002-819x1024.jpg 819w\" sizes=\"(max-width: 400px) 100vw, 400px\" \/>Convaincu que le Monde \u00c9merg\u00e9 ne peut r\u00e9sister seul aux arm\u00e9es du Tyran, Sennar le magicien supplie le Conseil des Mages de le laisser partir \u00e0 la recherche du Monde Submerg\u00e9 pour obtenir de l&rsquo;aide. De son c\u00f4t\u00e9, Nihal, la jeune guerri\u00e8re aux cheveux bleus, poursuit son apprentissage de chevalier du Dragon. Mais le souvenir de Sennar, qu&rsquo;elle a bless\u00e9 au visage lors de leur derni\u00e8re entrevue, la hante douloureusement&#8230;<\/span><\/p>\n<p style=\"text-align: justify;\"><span style=\"color: #e85709;\"><span title=\"Modifi\u00e9\">\u00a0<\/span><span id=\"react-root\"><\/span><strong><span title=\"Modifi\u00e9\"><span style=\"text-decoration: underline;\">Mon avis<\/span>\u00a0:<\/span><span class=\"resume-infobull-out\"><span class=\"resume-infobull-in loaded\"><span title=\"Modifi\u00e9\"><br \/>\n<\/span><\/span><\/span><\/strong><\/span><\/p>\n<p style=\"text-align: justify;\"><span style=\"color: #e85709;\"><strong><span title=\"Modifi\u00e9\"><span id=\"react-root\">J&rsquo;ai tout autant aim\u00e9 ce deuxi\u00e8me tome. Nihal est vraiment li\u00e9e \u00e0 son dragon \u00e0 pr\u00e9sent. J&rsquo;ai aim\u00e9 qu&rsquo;elle r\u00e9ussisse \u00e0 devenir chevalier du Dragon &#8211; c&rsquo;est la premi\u00e8re fille! Les d\u00e9couvertes qu&rsquo;elle fait sur ses origines m&rsquo;ont beaucoup plu. Il y a beaucoup d&rsquo;aventure! <\/span><\/span><\/strong><\/span><span id=\"react-root\"><\/span><\/p>\n<\/div>\n<\/div>\n","protected":false},"excerpt":{"rendered":"<p>Convaincu que le Monde \u00c9merg\u00e9 ne peut r\u00e9sister seul aux arm\u00e9es du Tyran, Sennar le magicien supplie le Conseil des Mages de le laisser partir \u00e0 la recherche du Monde Submerg\u00e9 pour obtenir de l&rsquo;aide. <\/p>\n","protected":false},"author":2,"featured_media":0,"comment_status":"open","ping_status":"open","sticky":false,"template":"","format":"standard","meta":[],"categories":[5,14,3],"tags":[],"post_mailing_queue_ids":[],"_links":{"self":[{"href":"http:\/\/leslivresdaglae.fr\/index.php\/wp-json\/wp\/v2\/posts\/3609"}],"collection":[{"href":"http:\/\/leslivresdaglae.fr\/index.php\/wp-json\/wp\/v2\/posts"}],"about":[{"href":"http:\/\/leslivresdaglae.fr\/index.php\/wp-json\/wp\/v2\/types\/post"}],"author":[{"embeddable":true,"href":"http:\/\/leslivresdaglae.fr\/index.php\/wp-json\/wp\/v2\/users\/2"}],"replies":[{"embeddable":true,"href":"http:\/\/leslivresdaglae.fr\/index.php\/wp-json\/wp\/v2\/comments?post=3609"}],"version-history":[{"count":5,"href":"http:\/\/leslivresdaglae.fr\/index.php\/wp-json\/wp\/v2\/posts\/3609\/revisions"}],"predecessor-version":[{"id":3617,"href":"http:\/\/leslivresdaglae.fr\/index.php\/wp-json\/wp\/v2\/posts\/3609\/revisions\/3617"}],"wp:attachment":[{"href":"http:\/\/leslivresdaglae.fr\/index.php\/wp-json\/wp\/v2\/media?parent=3609"}],"wp:term":[{"taxonomy":"category","embeddable":true,"href":"http:\/\/leslivresdaglae.fr\/index.php\/wp-json\/wp\/v2\/categories?post=3609"},{"taxonomy":"post_tag","embeddable":true,"href":"http:\/\/leslivresdaglae.fr\/index.php\/wp-json\/wp\/v2\/tags?post=3609"}],"curies":[{"name":"wp","href":"https:\/\/api.w.org\/{rel}","templated":true}]}}