{"id":3887,"date":"2018-08-09T15:29:40","date_gmt":"2018-08-09T13:29:40","guid":{"rendered":"http:\/\/leslivresdaglae.fr\/?p=3887"},"modified":"2018-08-09T16:05:05","modified_gmt":"2018-08-09T14:05:05","slug":"fablehaven-1-le-sanctuaire-secret","status":"publish","type":"post","link":"http:\/\/leslivresdaglae.fr\/index.php\/2018\/08\/09\/fablehaven-1-le-sanctuaire-secret\/","title":{"rendered":"Fablehaven &#8211; 1. Le sanctuaire secret"},"content":{"rendered":"<div class=\"_ebcx9\">\n<div class=\"_4a48i _277v9\">\n<p><span style=\"color: #586e32;\"><em>Auteur <\/em><em>:<\/em><strong><em> Brandon Mull<br \/>\n<\/em><\/strong><em>Editeur<\/em> <em>:<\/em><strong><em> Pocket Jeunesse<\/em><\/strong><strong><em><br \/>\n<\/em><\/strong><em>2013 \/ 345 pages<br \/>\n6.95<\/em><em> \u20ac<\/em><\/span><strong><em><br \/>\n<\/em><\/strong><\/p>\n<p><img loading=\"lazy\" class=\"wp-image-3902 alignleft\" src=\"http:\/\/leslivresdaglae.fr\/wp-content\/uploads\/2018\/08\/37904674_504115346720817_7617501558929883136_n.jpg\" alt=\"\" width=\"400\" height=\"450\" srcset=\"http:\/\/leslivresdaglae.fr\/wp-content\/uploads\/2018\/08\/37904674_504115346720817_7617501558929883136_n.jpg 1080w, http:\/\/leslivresdaglae.fr\/wp-content\/uploads\/2018\/08\/37904674_504115346720817_7617501558929883136_n-267x300.jpg 267w, http:\/\/leslivresdaglae.fr\/wp-content\/uploads\/2018\/08\/37904674_504115346720817_7617501558929883136_n-768x864.jpg 768w, http:\/\/leslivresdaglae.fr\/wp-content\/uploads\/2018\/08\/37904674_504115346720817_7617501558929883136_n-910x1024.jpg 910w\" sizes=\"(max-width: 400px) 100vw, 400px\" \/><\/p>\n<p style=\"text-align: justify;\"><span style=\"color: #0a3d73;\" title=\"Modifi\u00e9\"><span style=\"color: #000000;\"><span title=\"Modifi\u00e9\">Kendra et Seth ignorent tout de Fablehaven. Et pourtant leur grand-p\u00e8re est le gardien de ce lieu magique. Un jour ils d\u00e9couvrent l&rsquo;incroyable v\u00e9rit\u00e9 : la for\u00eat qui les entoure est peupl\u00e9 d&rsquo;\u00eatres fabuleux, f\u00e9es, g\u00e9ants, sorci\u00e8res, monstres, ogres, satyres, na\u00efades&#8230; Mais ces derniers temps, l&rsquo;avenir de Fablehaven est menac\u00e9 par l&rsquo;av\u00e8nement de puissances mal\u00e9fiques. Ainsi commence le combat des deux enfants contre le mal, pour prot\u00e9ger Fablehaven de la destruction, sauver leur famille&#8230; et rester en vie.<br \/>\n<\/span><\/span><\/span><\/p>\n<p style=\"text-align: justify;\"><span style=\"color: #eb5736;\" title=\"Modifi\u00e9\"><strong><span style=\"text-decoration: underline;\">Mon avis<\/span>\u00a0:<\/strong><br \/>\n<\/span><\/p>\n<p style=\"text-align: justify;\"><span style=\"color: #eb5736;\"><strong><span title=\"Modifi\u00e9\"><span title=\"Modifi\u00e9\">J&rsquo;ai \u00e9norm\u00e9ment aim\u00e9 ce roman m\u00eame si je ne connaissais absolument pas cette s\u00e9rie! Les cr\u00e9atures magiques qui peuplent les mythes et les l\u00e9gendes m&rsquo;ont toujours fascin\u00e9e, alors les retrouver toutes r\u00e9unies dans un refuge fantastique r\u00e9serve bien des surprises&#8230; Cr\u00e9atures confront\u00e9es, bien s\u00fbr, \u00e0 de s\u00e9rieux ennuis! \u00a0 Vivement les tomes suivants!<br \/>\n<\/span><\/span><\/strong><\/span><\/p>\n<p><strong><span title=\"Modifi\u00e9\"><em><img loading=\"lazy\" class=\"size-full wp-image-268 alignright\" src=\"http:\/\/leslivresdaglae.fr\/wp-content\/uploads\/2016\/11\/livre42.png\" alt=\"\" width=\"127\" height=\"30\" \/><\/em><\/span><\/strong><\/p>\n<p style=\"text-align: justify;\"><span style=\"color: #40c5e3;\"><strong><span title=\"Modifi\u00e9\"><span title=\"Modifi\u00e9\"><span style=\"color: #d11b2a;\">\u00a0<\/span><\/span><\/span><\/strong><\/span><\/p>\n<\/div>\n<\/div>\n","protected":false},"excerpt":{"rendered":"<p>Kendra et Seth ignorent tout de Fablehaven. Et pourtant leur grand-p\u00e8re est le gardien de ce lieu magique. Un jour ils d\u00e9couvrent l&rsquo;incroyable v\u00e9rit\u00e9 : la for\u00eat qui les entoure est peupl\u00e9 d&rsquo;\u00eatres fabuleux, f\u00e9es, g\u00e9ants, sorci\u00e8res, monstres, ogres, satyres, na\u00efades&#8230;<\/p>\n","protected":false},"author":2,"featured_media":0,"comment_status":"open","ping_status":"open","sticky":false,"template":"","format":"standard","meta":[],"categories":[5,14,3],"tags":[],"post_mailing_queue_ids":[],"_links":{"self":[{"href":"http:\/\/leslivresdaglae.fr\/index.php\/wp-json\/wp\/v2\/posts\/3887"}],"collection":[{"href":"http:\/\/leslivresdaglae.fr\/index.php\/wp-json\/wp\/v2\/posts"}],"about":[{"href":"http:\/\/leslivresdaglae.fr\/index.php\/wp-json\/wp\/v2\/types\/post"}],"author":[{"embeddable":true,"href":"http:\/\/leslivresdaglae.fr\/index.php\/wp-json\/wp\/v2\/users\/2"}],"replies":[{"embeddable":true,"href":"http:\/\/leslivresdaglae.fr\/index.php\/wp-json\/wp\/v2\/comments?post=3887"}],"version-history":[{"count":8,"href":"http:\/\/leslivresdaglae.fr\/index.php\/wp-json\/wp\/v2\/posts\/3887\/revisions"}],"predecessor-version":[{"id":3904,"href":"http:\/\/leslivresdaglae.fr\/index.php\/wp-json\/wp\/v2\/posts\/3887\/revisions\/3904"}],"wp:attachment":[{"href":"http:\/\/leslivresdaglae.fr\/index.php\/wp-json\/wp\/v2\/media?parent=3887"}],"wp:term":[{"taxonomy":"category","embeddable":true,"href":"http:\/\/leslivresdaglae.fr\/index.php\/wp-json\/wp\/v2\/categories?post=3887"},{"taxonomy":"post_tag","embeddable":true,"href":"http:\/\/leslivresdaglae.fr\/index.php\/wp-json\/wp\/v2\/tags?post=3887"}],"curies":[{"name":"wp","href":"https:\/\/api.w.org\/{rel}","templated":true}]}}