{"id":4102,"date":"2018-09-14T19:07:54","date_gmt":"2018-09-14T17:07:54","guid":{"rendered":"http:\/\/leslivresdaglae.fr\/?p=4102"},"modified":"2018-09-28T20:04:06","modified_gmt":"2018-09-28T18:04:06","slug":"les-aventures-du-jeune-jules-verne-6-un-capitaine-de-douze-ans","status":"publish","type":"post","link":"http:\/\/leslivresdaglae.fr\/index.php\/2018\/09\/14\/les-aventures-du-jeune-jules-verne-6-un-capitaine-de-douze-ans\/","title":{"rendered":"Les aventures du jeune Jules Verne &#8211; 6. Un capitaine de douze ans"},"content":{"rendered":"<div class=\"_ebcx9\">\n<div class=\"_4a48i _277v9\">\n<p><span style=\"color: #cf3c3c;\"><em>Auteure <\/em><em>:<\/em><strong><em> Paula Vidal (Capitaine Nemo)<br \/>\n<\/em><\/strong><em>Editeur\u00a0:<\/em><strong><em> Pocket Jeunesse<br \/>\n<\/em><\/strong><em>2018 \/ 169 pages<br \/>\n11.90<\/em><em> \u20ac<\/em><\/span><\/p>\n<p style=\"text-align: justify;\"><span title=\"Modifi\u00e9\"><img loading=\"lazy\" class=\"wp-image-4109 alignleft\" src=\"http:\/\/leslivresdaglae.fr\/wp-content\/uploads\/2018\/09\/40346740_176252119928180_4897310095962863928_n.jpg\" alt=\"\" width=\"400\" height=\"479\" srcset=\"http:\/\/leslivresdaglae.fr\/wp-content\/uploads\/2018\/09\/40346740_176252119928180_4897310095962863928_n.jpg 1080w, http:\/\/leslivresdaglae.fr\/wp-content\/uploads\/2018\/09\/40346740_176252119928180_4897310095962863928_n-251x300.jpg 251w, http:\/\/leslivresdaglae.fr\/wp-content\/uploads\/2018\/09\/40346740_176252119928180_4897310095962863928_n-768x919.jpg 768w, http:\/\/leslivresdaglae.fr\/wp-content\/uploads\/2018\/09\/40346740_176252119928180_4897310095962863928_n-855x1024.jpg 855w\" sizes=\"(max-width: 400px) 100vw, 400px\" \/>En route pour d&rsquo;incroyables aventures avec Jules Verne, douze ans, explorateur en herbe ! Jules et ses amis sont ravis ! Le directeur du coll\u00e8ge les a choisis pour partir en excursion sur l&rsquo;\u00eele d&rsquo;Yeu. Mais leur joie est de courte dur\u00e9e : en pleine travers\u00e9e, l&rsquo;\u00e9quipage et les professeurs tombent myst\u00e9rieusement malades. Alors qu&rsquo;une violente temp\u00eate fait rage, Jules, Huan, Caroline et Marie deviennent les seuls capitaines du navire&#8230;<\/span><\/p>\n<p style=\"text-align: justify;\"><span style=\"color: #4883c7;\"><strong><span title=\"Modifi\u00e9\"><span style=\"text-decoration: underline;\">Mon avis<\/span>\u00a0<\/span><\/strong><strong><span title=\"Modifi\u00e9\">:<\/span><\/strong><\/span><\/p>\n<p style=\"text-align: justify;\"><span style=\"color: #4883c7;\"><strong><span title=\"Modifi\u00e9\">J&rsquo;ai bien aim\u00e9 lire la suite de cette s\u00e9rie dont j&rsquo;ai lu les 5 tomes pr\u00e9c\u00e9dents!. Jules Verne est toujours aussi ing\u00e9nieux, et nous fait d\u00e9couvrir de multiples inventions d\u00e9tonantes pour son \u00e9poque. Il y a toujours autant d&rsquo;aventure, et au cours de la s\u00e9rie on se demande sans cesse quand l&rsquo;Ordre sera arr\u00eat\u00e9 et quel sera le destin de nos h\u00e9ros.\u00a0 <\/span><\/strong><\/span><\/p>\n<p style=\"text-align: justify;\"><span style=\"color: #4883c7;\"><strong><span title=\"Modifi\u00e9\"><img loading=\"lazy\" class=\"size-full wp-image-267 alignright\" src=\"http:\/\/leslivresdaglae.fr\/wp-content\/uploads\/2016\/11\/livre32.png\" alt=\"\" width=\"125\" height=\"30\" \/><\/span><\/strong><\/span><\/p>\n<p style=\"text-align: justify;\"><strong><span style=\"color: #5abbe8;\"><span title=\"Modifi\u00e9\"><br \/>\n<\/span><\/span><\/strong><span id=\"resume-infobull-out3175610\" class=\"resume-infobull-out\"><span id=\"resume-infobull-in3175610\" class=\"resume-infobull-in loaded\"><\/span><\/span><span id=\"resume-infobull-out3175610\" class=\"resume-infobull-out\"><span id=\"resume-infobull-in3175610\" class=\"resume-infobull-in loaded\"><\/span><\/span><\/p>\n<p style=\"text-align: justify;\"><span style=\"color: #d90472;\"><span id=\"resume-infobull-out3175610\" class=\"resume-infobull-out\"><span id=\"resume-infobull-in3175610\" class=\"resume-infobull-in loaded\"><span title=\"Modifi\u00e9\">\u00a0<\/span><\/span><\/span><\/span><\/p>\n<\/div>\n<\/div>\n","protected":false},"excerpt":{"rendered":"<p>En route pour d&rsquo;incroyables aventures avec Jules Verne, douze ans, explorateur en herbe ! Jules et ses amis sont ravis ! <\/p>\n","protected":false},"author":2,"featured_media":0,"comment_status":"open","ping_status":"open","sticky":false,"template":"","format":"standard","meta":[],"categories":[6,12,3],"tags":[],"post_mailing_queue_ids":[],"_links":{"self":[{"href":"http:\/\/leslivresdaglae.fr\/index.php\/wp-json\/wp\/v2\/posts\/4102"}],"collection":[{"href":"http:\/\/leslivresdaglae.fr\/index.php\/wp-json\/wp\/v2\/posts"}],"about":[{"href":"http:\/\/leslivresdaglae.fr\/index.php\/wp-json\/wp\/v2\/types\/post"}],"author":[{"embeddable":true,"href":"http:\/\/leslivresdaglae.fr\/index.php\/wp-json\/wp\/v2\/users\/2"}],"replies":[{"embeddable":true,"href":"http:\/\/leslivresdaglae.fr\/index.php\/wp-json\/wp\/v2\/comments?post=4102"}],"version-history":[{"count":8,"href":"http:\/\/leslivresdaglae.fr\/index.php\/wp-json\/wp\/v2\/posts\/4102\/revisions"}],"predecessor-version":[{"id":4111,"href":"http:\/\/leslivresdaglae.fr\/index.php\/wp-json\/wp\/v2\/posts\/4102\/revisions\/4111"}],"wp:attachment":[{"href":"http:\/\/leslivresdaglae.fr\/index.php\/wp-json\/wp\/v2\/media?parent=4102"}],"wp:term":[{"taxonomy":"category","embeddable":true,"href":"http:\/\/leslivresdaglae.fr\/index.php\/wp-json\/wp\/v2\/categories?post=4102"},{"taxonomy":"post_tag","embeddable":true,"href":"http:\/\/leslivresdaglae.fr\/index.php\/wp-json\/wp\/v2\/tags?post=4102"}],"curies":[{"name":"wp","href":"https:\/\/api.w.org\/{rel}","templated":true}]}}