{"id":5079,"date":"2019-04-17T12:18:22","date_gmt":"2019-04-17T10:18:22","guid":{"rendered":"http:\/\/leslivresdaglae.fr\/?p=5079"},"modified":"2019-04-17T15:25:28","modified_gmt":"2019-04-17T13:25:28","slug":"les-7-de-babylone-1-la-memoire-des-anciens","status":"publish","type":"post","link":"http:\/\/leslivresdaglae.fr\/index.php\/2019\/04\/17\/les-7-de-babylone-1-la-memoire-des-anciens\/","title":{"rendered":"Les 7 de Babylone &#8211; 1. La m\u00e9moire des Anciens"},"content":{"rendered":"<div class=\"_ebcx9\">\n<div class=\"_4a48i _277v9\">\n<p><span style=\"color: #ff9900;\"><em>Auteur <\/em><em>:<\/em><strong><em> Ta\u00ef-Marc Le Thanh<br \/>\n<\/em><\/strong><em>Editeur :&nbsp;<\/em><strong><em> Slalom<br \/>\n<\/em><\/strong>2017 \/ 380 pages<\/span><br \/>\n<span style=\"color: #ff9900;\">14.90\u20ac<\/span><\/p>\n<\/div>\n<p><strong><em><img loading=\"lazy\" class=\"wp-image-5135 alignleft\" src=\"http:\/\/leslivresdaglae.fr\/wp-content\/uploads\/2019\/04\/56358375_2257575127826666_2431491934530195213_n.jpg\" alt=\"\" width=\"400\" height=\"427\" srcset=\"http:\/\/leslivresdaglae.fr\/wp-content\/uploads\/2019\/04\/56358375_2257575127826666_2431491934530195213_n.jpg 720w, http:\/\/leslivresdaglae.fr\/wp-content\/uploads\/2019\/04\/56358375_2257575127826666_2431491934530195213_n-281x300.jpg 281w\" sizes=\"(max-width: 400px) 100vw, 400px\" \/><\/em><\/strong><\/p>\n<div class=\"_4a48i _277v9\">\n<p style=\"text-align: justify;\"><span title=\"Modifi\u00e9\">Un dramaturge fran\u00e7ais du XIXe si\u00e8cle, un chef gaulois, un a\u00e8de du VIIIe si\u00e8cle avant J.C. surnomm\u00e9 \u00a0\u00bb le po\u00e8te \u00a0\u00bb par les Anciens, deux fr\u00e8res linguistes et philologues allemands, un compositeur allemand du XVIIIe si\u00e8cle, un romancier fran\u00e7ais du Moyen Age&#8230; constituent les 7 de Babylone. Leur mission : emp\u00eacher leurs ennemis de toujours de r\u00e9unir des fragments des 7 merveilles du monde, qui leur permettraient d&rsquo;acqu\u00e9rir un pouvoir destructeur.<br \/>\nTome 1 : La m\u00e9moire des anciens Jasper a une particularit\u00e9 : il aime escalader les toits de Paris la nuit. Lors d&rsquo;une de ses escapades nocturnes, il assiste \u00e0 une sc\u00e8ne incroyable : un homme aux cheveux blancs, \u00e9tonnamment agile pour son \u00e2ge, s&rsquo;enfuit par les toits, poursuivi par deux hommes arm\u00e9s. Avant de finalement l\u00e2cher prise et tomber du toit o\u00f9 Jasper se trouve, l&rsquo;inconnu confie \u00e0 l&rsquo;adolescent une myst\u00e9rieuse fiole.<br \/>\nCette rencontre fait entrer Jasper, malgr\u00e9 lui, dans l&rsquo;univers des 7 de Babylone.&nbsp;<\/span><\/p>\n<p style=\"text-align: justify;\"><span style=\"color: #e66c20;\"><br \/>\n<span style=\"color: #419e74;\"><strong><span title=\"Modifi\u00e9\"><span style=\"text-decoration: underline;\">Mon avis<\/span>&nbsp;:<\/span><span class=\"resume-infobull-out\"><span class=\"resume-infobull-in loaded\"><span title=\"Modifi\u00e9\"><br \/>\n<\/span><\/span><\/span><\/strong><\/span><\/span><\/p>\n<p style=\"text-align: justify;\"><span style=\"color: #419e74;\"><strong><span title=\"Modifi\u00e9\">Ce roman est vraiment g\u00e9nial car il m\u00eale historique et fantastique. Historique, tout d&rsquo;abord, parce que dedans, on retrouve beaucoup de personnages c\u00e9l\u00e8bres qui sont morts il y a longtemps mais qui restent dans nos m\u00e9moires. Parmi eux, il y en a que j&rsquo;admire vraiment (ils ne sont pas toujours du bon c\u00f4t\u00e9, mais c&rsquo;est pas grave). Notamment Jeanne d&rsquo;Arc et Victor Hugo. Mais j&rsquo;aime bien aussi Hom\u00e8re, avec toutes ses potions bizarres, aux effets sensationnels. Fantastique, parce qu&rsquo;ils sont revenus des morts, et que leurs capacit\u00e9s sont tr\u00e8s d\u00e9velopp\u00e9es&#8230; <\/span><\/strong><\/span><\/p>\n<p style=\"text-align: justify;\"><span style=\"color: #419e74;\"><strong><span title=\"Modifi\u00e9\">Jasper, le h\u00e9ros, ne m&rsquo;a particuli\u00e8rement plu, mais il a de nombreuses qualit\u00e9s, et on se sent tr\u00e8s vite proche de lui. Peut \u00eatre que \u00e7a se fait rapidement parce que l&rsquo;histoire est \u00e9crite \u00e0 la premi\u00e8re personne, ou que l&rsquo;action tr\u00e9pidante nous donne l&rsquo;impression de bien le connaitre, mais en tout cas, il nous parait vite tr\u00e8s familier. <\/span><\/strong><\/span><\/p>\n<p style=\"text-align: justify;\"><span style=\"color: #419e74;\"><strong><span title=\"Modifi\u00e9\">Habituellement, je n&rsquo;aime pas sp\u00e9cialement les romans d&rsquo;action, mais celui-ci m\u00e9lange parfaitement description, action, et suspense. De nombreux retournements de situation changent sans cesse la donne, ne&nbsp; nous laissant aucun r\u00e9pit, mais sans nous brusquer. <\/span><\/strong><\/span><\/p>\n<p style=\"text-align: justify;\"><span style=\"color: #1b5abf;\"><strong><span title=\"Modifi\u00e9\"><span style=\"color: #419e74;\">La qu\u00eate des sept merveilles du monde m&rsquo;a donc beaucoup plu, et je pense qu&rsquo;elle promet beaucoup d&rsquo;autres aventures dans les tomes suivants que j&rsquo;aimerais bien d\u00e9couvrir!<\/span><br \/>\n<\/span><\/strong><\/span><\/p>\n<p><strong><span style=\"color: #5abbe8;\"><span title=\"Modifi\u00e9\"><img loading=\"lazy\" class=\"size-full wp-image-268 alignright\" src=\"http:\/\/leslivresdaglae.fr\/wp-content\/uploads\/2016\/11\/livre42.png\" alt=\"\" width=\"127\" height=\"30\"><\/span><\/span><\/strong><\/p>\n<\/div>\n<\/div>\n","protected":false},"excerpt":{"rendered":"<p>Un dramaturge fran\u00e7ais du XIXe si\u00e8cle, un chef gaulois, un a\u00e8de du VIIIe si\u00e8cle avant JC surnomm\u00e9 \u00a0\u00bb le po\u00e8te \u00a0\u00bb par les Anciens, deux fr\u00e8res linguistes et philologues allemands, un compositeur allemand du XVIIIe si\u00e8cle, un romancier fran\u00e7ais du Moyen Age&#8230; constituent les 7 de Babylone. Leur mission : emp\u00eacher leurs ennemis de toujours de r\u00e9unir des fragments des 7 merveilles du monde, qui leur permettraient d&rsquo;acqu\u00e9rir un pouvoir destructeur.<\/p>\n","protected":false},"author":2,"featured_media":0,"comment_status":"open","ping_status":"open","sticky":false,"template":"","format":"standard","meta":[],"categories":[5,6,14,3],"tags":[],"post_mailing_queue_ids":[],"_links":{"self":[{"href":"http:\/\/leslivresdaglae.fr\/index.php\/wp-json\/wp\/v2\/posts\/5079"}],"collection":[{"href":"http:\/\/leslivresdaglae.fr\/index.php\/wp-json\/wp\/v2\/posts"}],"about":[{"href":"http:\/\/leslivresdaglae.fr\/index.php\/wp-json\/wp\/v2\/types\/post"}],"author":[{"embeddable":true,"href":"http:\/\/leslivresdaglae.fr\/index.php\/wp-json\/wp\/v2\/users\/2"}],"replies":[{"embeddable":true,"href":"http:\/\/leslivresdaglae.fr\/index.php\/wp-json\/wp\/v2\/comments?post=5079"}],"version-history":[{"count":9,"href":"http:\/\/leslivresdaglae.fr\/index.php\/wp-json\/wp\/v2\/posts\/5079\/revisions"}],"predecessor-version":[{"id":5138,"href":"http:\/\/leslivresdaglae.fr\/index.php\/wp-json\/wp\/v2\/posts\/5079\/revisions\/5138"}],"wp:attachment":[{"href":"http:\/\/leslivresdaglae.fr\/index.php\/wp-json\/wp\/v2\/media?parent=5079"}],"wp:term":[{"taxonomy":"category","embeddable":true,"href":"http:\/\/leslivresdaglae.fr\/index.php\/wp-json\/wp\/v2\/categories?post=5079"},{"taxonomy":"post_tag","embeddable":true,"href":"http:\/\/leslivresdaglae.fr\/index.php\/wp-json\/wp\/v2\/tags?post=5079"}],"curies":[{"name":"wp","href":"https:\/\/api.w.org\/{rel}","templated":true}]}}