{"id":5440,"date":"2019-07-05T18:13:56","date_gmt":"2019-07-05T16:13:56","guid":{"rendered":"http:\/\/leslivresdaglae.fr\/?p=5440"},"modified":"2019-07-05T19:27:02","modified_gmt":"2019-07-05T17:27:02","slug":"lanti-magicien-tome-1","status":"publish","type":"post","link":"http:\/\/leslivresdaglae.fr\/index.php\/2019\/07\/05\/lanti-magicien-tome-1\/","title":{"rendered":"L&rsquo;Anti-Magicien &#8211; Tome 1"},"content":{"rendered":"<div class=\"_ebcx9\">\n<div class=\"_4a48i _277v9\">\n<p><span style=\"color: #339966;\"><em>Auteur <\/em><em>: <strong>S\u00e9bastien de Castell<\/strong><br \/>\n<\/em><em>Editeur\u00a0:<\/em><strong><em> Gallimard Jeunesse<br \/>\n<\/em><\/strong><em>2018<\/em><em> \/ 464 pages<br \/>\n18 \u20ac<span title=\"Modifi\u00e9\">\u00a0<\/span> <\/em><\/span><\/p>\n<p style=\"text-align: justify;\"><span title=\"Modifi\u00e9\"><span id=\"react-root\"><img loading=\"lazy\" class=\"wp-image-5486 alignleft\" src=\"http:\/\/leslivresdaglae.fr\/wp-content\/uploads\/2019\/07\/61804615_139341937253377_110822888204308589_n.jpg\" alt=\"\" width=\"400\" height=\"500\" srcset=\"http:\/\/leslivresdaglae.fr\/wp-content\/uploads\/2019\/07\/61804615_139341937253377_110822888204308589_n.jpg 1080w, http:\/\/leslivresdaglae.fr\/wp-content\/uploads\/2019\/07\/61804615_139341937253377_110822888204308589_n-240x300.jpg 240w, http:\/\/leslivresdaglae.fr\/wp-content\/uploads\/2019\/07\/61804615_139341937253377_110822888204308589_n-768x960.jpg 768w, http:\/\/leslivresdaglae.fr\/wp-content\/uploads\/2019\/07\/61804615_139341937253377_110822888204308589_n-819x1024.jpg 819w\" sizes=\"(max-width: 400px) 100vw, 400px\" \/>Kelen, 16 ans, est l&rsquo;h\u00e9ritier d&rsquo;une des grandes familles qui se disputent le tr\u00f4ne de la cit\u00e9. Il pr\u00e9pare son premier duel pour devenir mage. Mais ses pouvoirs ont disparu. Il doit ruser&#8230; ou tricher, quitte \u00e0 risquer l&rsquo;exil, voire pire. Ses seuls soutiens, deux acolytes explosifs : Furia, la vagabonde impr\u00e9visible et Rakis, un chacureuil f\u00e9roce et acerbe.<br \/>\n<\/span><\/span><\/p>\n<p><span style=\"color: #993300;\"><strong><span class=\"resume-infobull-out\"><span class=\"resume-infobull-in loaded\"><span title=\"Modifi\u00e9\"><span style=\"text-decoration: underline;\">Mon avis\u00a0<\/span>:<br \/>\n<\/span><\/span><\/span><\/strong><\/span><\/p>\n<p style=\"text-align: justify;\"><span style=\"color: #993300;\"><strong><span title=\"Modifi\u00e9\"><span id=\"react-root\">J&rsquo;ai vraiment aim\u00e9 d\u00e9couvrir cette s\u00e9rie sur les conseils d&rsquo;un libraire passionn\u00e9 de la librairie Decitre (merci!!!). L&rsquo;Anti-Magicien est en effet plein de magie de myst\u00e8re!<\/span><\/span><\/strong><\/span><\/p>\n<p style=\"text-align: justify;\"><span style=\"color: #993300;\"><strong><span title=\"Modifi\u00e9\"><span id=\"react-root\"> Kelen, jeune mage, fils d&rsquo;une des familles les plus puissantes des Jan&rsquo;Tep, \u00e9tait destin\u00e9 \u00e0 devenir un\u00a0 mage tr\u00e8s puissant, en raison de son sang. Mais c&rsquo;est sans compter sur ses pouvoirs qui deviennent de moins en moins forts, et les complots des sph\u00e8res de ce peuple.<\/span><\/span><\/strong><\/span><\/p>\n<p style=\"text-align: justify;\"><span style=\"color: #993300;\"><strong><span title=\"Modifi\u00e9\"><span id=\"react-root\"> C&rsquo;est un des nombreux aspects qui\u00a0 m&rsquo;ont plu dans ce livre. Kelen se trouve entre diff\u00e9rentes forces qu&rsquo;il ne peut pas contr\u00f4ler, et malgr\u00e9 ses efforts, devient de plus en plus un paria pour son peuple, sa famille et ses amis. On devine son trouble, mais cela va encore au-del\u00e0. En effet, on ne peut qu&rsquo;\u00e9mettre des hypoth\u00e8ses sur la fin de l&rsquo;histoire, et on est toujours surpris par le cours des \u00e9v\u00e9nements. Le lecteur va de r\u00e9v\u00e9lation en r\u00e9v\u00e9lation; l&rsquo;auteur nous laissant juste assez de r\u00e9pit pour nous demander comment va se poursuivre l&rsquo;histoire. Je lis d\u00e9j\u00e0 la suite, et elle est aussi passionnante que ce premier tome!!!<\/span><\/span><\/strong><\/span><span id=\"react-root\"><\/span><span id=\"react-root\"><\/span><\/p>\n<p><img loading=\"lazy\" class=\"size-full wp-image-268 alignright\" src=\"http:\/\/leslivresdaglae.fr\/wp-content\/uploads\/2016\/11\/livre42.png\" alt=\"\" width=\"127\" height=\"30\" \/><\/p>\n<\/div>\n<\/div>\n","protected":false},"excerpt":{"rendered":"<p>Kelen, 16 ans, est l&rsquo;h\u00e9ritier d&rsquo;une des grandes familles qui se disputent le tr\u00f4ne de la cit\u00e9. Il pr\u00e9pare son premier duel pour devenir mage. Mais ses pouvoirs ont disparu. <\/p>\n","protected":false},"author":2,"featured_media":0,"comment_status":"open","ping_status":"open","sticky":false,"template":"","format":"standard","meta":[],"categories":[5,14,3],"tags":[],"post_mailing_queue_ids":[],"_links":{"self":[{"href":"http:\/\/leslivresdaglae.fr\/index.php\/wp-json\/wp\/v2\/posts\/5440"}],"collection":[{"href":"http:\/\/leslivresdaglae.fr\/index.php\/wp-json\/wp\/v2\/posts"}],"about":[{"href":"http:\/\/leslivresdaglae.fr\/index.php\/wp-json\/wp\/v2\/types\/post"}],"author":[{"embeddable":true,"href":"http:\/\/leslivresdaglae.fr\/index.php\/wp-json\/wp\/v2\/users\/2"}],"replies":[{"embeddable":true,"href":"http:\/\/leslivresdaglae.fr\/index.php\/wp-json\/wp\/v2\/comments?post=5440"}],"version-history":[{"count":6,"href":"http:\/\/leslivresdaglae.fr\/index.php\/wp-json\/wp\/v2\/posts\/5440\/revisions"}],"predecessor-version":[{"id":5487,"href":"http:\/\/leslivresdaglae.fr\/index.php\/wp-json\/wp\/v2\/posts\/5440\/revisions\/5487"}],"wp:attachment":[{"href":"http:\/\/leslivresdaglae.fr\/index.php\/wp-json\/wp\/v2\/media?parent=5440"}],"wp:term":[{"taxonomy":"category","embeddable":true,"href":"http:\/\/leslivresdaglae.fr\/index.php\/wp-json\/wp\/v2\/categories?post=5440"},{"taxonomy":"post_tag","embeddable":true,"href":"http:\/\/leslivresdaglae.fr\/index.php\/wp-json\/wp\/v2\/tags?post=5440"}],"curies":[{"name":"wp","href":"https:\/\/api.w.org\/{rel}","templated":true}]}}