{"id":5481,"date":"2019-07-12T16:18:09","date_gmt":"2019-07-12T14:18:09","guid":{"rendered":"http:\/\/leslivresdaglae.fr\/?p=5481"},"modified":"2020-03-10T18:07:16","modified_gmt":"2020-03-10T17:07:16","slug":"les-7-de-babylone-2-a-lombre-de-gandhi","status":"publish","type":"post","link":"http:\/\/leslivresdaglae.fr\/index.php\/2019\/07\/12\/les-7-de-babylone-2-a-lombre-de-gandhi\/","title":{"rendered":"Les 7 de Babylone &#8211; 2. A l&rsquo;ombre de Gandhi"},"content":{"rendered":"<div class=\"_ebcx9\">\n<div class=\"_4a48i _277v9\">\n<p><span style=\"color: #808080;\"><em>Auteur <\/em><em>:<\/em><strong><em> Ta\u00ef-Marc Le Thanh<br \/>\n<\/em><\/strong><em>Editeur :\u00a0<\/em><strong><em> Slalom<br \/>\n<\/em><\/strong>2018 \/ 350 pages<\/span><br \/>\n<span style=\"color: #808080;\">14.90\u20ac<\/span><\/p>\n<\/div>\n<p><strong><em>\u00a0<\/em><\/strong><\/p>\n<div class=\"_4a48i _277v9\">\n<p style=\"text-align: justify;\"><span title=\"Modifi\u00e9\">Un dramaturge fran\u00e7ais du XIXe si\u00e8cle, un chef gaulois, un a\u00e8de du VIIIe si\u00e8cle avant JC surnomm\u00e9 \u00a0\u00bb le po\u00e8te \u00a0\u00bb par les Anciens, deux fr\u00e8res linguistes et philologues allemands, un compositeur allemand du XVIIIe si\u00e8cle, un romancier fran\u00e7ais du Moyen Age&#8230; constituent les 7 de Babylone. Leur mission : emp\u00eacher leurs ennemis de toujours de r\u00e9unir des fragments des 7 merveilles du monde, qui leur permettraient d&rsquo;acqu\u00e9rir un pouvoir destructeur. <\/span><\/p>\n<p style=\"text-align: justify;\"><span title=\"Modifi\u00e9\">Tome 2: La lutte s&rsquo;intensifie entre les 7 de Babylone et leurs rivaux, qui s&rsquo;affrontent d\u00e9sormais \u00e0 Barcelone. Alors que L\u00e9onard s&rsquo;appr\u00eate \u00e0 mettre la main sur un nouveau fragment d&rsquo;une des 7 Merveilles du monde, d\u00e9truisant tout sur son passage, Jasper va devoir faire un choix. Trahira-t-il ses co\u00e9quipiers pour sauver sa vie et celle de ses proches ?<br \/>\n<\/span><\/p>\n<p style=\"text-align: justify;\"><span style=\"color: #e66c20;\"><br \/>\n<span style=\"color: #3199ad;\"><strong><span title=\"Modifi\u00e9\"><span style=\"text-decoration: underline;\">Mon avis<\/span>\u00a0:<\/span><span class=\"resume-infobull-out\"><span class=\"resume-infobull-in loaded\"><span title=\"Modifi\u00e9\"><br \/>\n<\/span><\/span><\/span><\/strong><\/span><\/span><\/p>\n<p style=\"text-align: justify;\"><span style=\"color: #3199ad;\"><strong><span title=\"Modifi\u00e9\">J&rsquo;ai ador\u00e9 lire ce second tome. Il faut dire que je l&rsquo;attendais avec impatience depuis que j&rsquo;avais fini le 1, et il ne m&rsquo;a pas d\u00e9\u00e7ue! <\/span><\/strong><\/span><\/p>\n<p style=\"text-align: justify;\"><span style=\"color: #3199ad;\"><strong><span title=\"Modifi\u00e9\">J&rsquo;ai beaucoup aim\u00e9 le fait que les combats se d\u00e9roulent \u00e0 Barcelone, en Espagne, nous faisant d\u00e9couvrir les merveilles de cette ville que j&rsquo;ai visit\u00e9e il y a deux ans. Et les Sept de Babylone ont encore une planque bien cach\u00e9e: elle se situe sous la Sagrada Familia, la basilique de Gaudi&#8230; <\/span><\/strong><\/span><\/p>\n<p style=\"text-align: justify;\"><span style=\"color: #3199ad;\"><strong><span title=\"Modifi\u00e9\">J&rsquo;aime beaucoup Toth (Victor Hugo de son vrai nom), mais tous les personnages sont vraiment g\u00e9niaux, empreints de leur propre histoire, ayant leur caract\u00e8re, leur culture, aussi bien les \u00ab\u00a0m\u00e9chants\u00a0\u00bb que les \u00ab\u00a0gentils\u00a0\u00bb.<\/span><\/strong><\/span><\/p>\n<p style=\"text-align: justify;\"><span style=\"color: #3199ad;\"><strong><span title=\"Modifi\u00e9\"> Comme ils\u00a0 viennent tous du pass\u00e9 (sauf Jasper), les h\u00e9ros ont v\u00e9cu des exp\u00e9riences, les unes dans le pass\u00e9 \u00e0 des \u00e9poques diff\u00e9rentes, et les autres dans le pr\u00e9sent;\u00a0 et cela leur forge un caract\u00e8re unique, avec un regard tr\u00e8s sp\u00e9cial sur notre si\u00e8cle, et une notion du bien et du mal fauss\u00e9e par la pierre.<br \/>\n<\/span><\/strong><\/span><\/p>\n<p style=\"text-align: justify;\"><span style=\"color: #3199ad;\"><strong><span title=\"Modifi\u00e9\"> Mes soup\u00e7ons quant au traitre \u00e9taient diverses (et j&rsquo;avais d\u00e9j\u00e0 soup\u00e7onn\u00e9 le vrai mais j&rsquo;avais vite abandonn\u00e9 cette piste), mais la surprise reste de taille, tellement l&rsquo;\u00e9quipe parait soud\u00e9e. Mais cela ne diff\u00e8re pas du reste du livre car l&rsquo;intrigue est tr\u00e8s bien men\u00e9e, le suspense dure jusqu&rsquo;au bout, et on se pose sans cesse des questions sur la suite&#8230;<\/span><\/strong><\/span><\/p>\n<p><strong><span style=\"color: #5abbe8;\"><span title=\"Modifi\u00e9\"><img loading=\"lazy\" class=\"size-full wp-image-268 alignright\" src=\"http:\/\/leslivresdaglae.fr\/wp-content\/uploads\/2016\/11\/livre42.png\" alt=\"\" width=\"127\" height=\"30\" \/><\/span><\/span><\/strong><\/p>\n<\/div>\n<\/div>\n","protected":false},"excerpt":{"rendered":"<p>La lutte s&rsquo;intensifie entre les 7 de Babylone et leurs rivaux, qui s&rsquo;affrontent d\u00e9sormais \u00e0 Barcelone. Alors que L\u00e9onard s&rsquo;appr\u00eate \u00e0 mettre la main sur un nouveau fragment d&rsquo;une des 7 Merveilles du monde, d\u00e9truisant tout sur son passage, Jasper va devoir faire un choix. Trahira-t-il ses co\u00e9quipiers pour sauver sa vie et celle de ses proches ? <\/p>\n","protected":false},"author":2,"featured_media":5535,"comment_status":"open","ping_status":"open","sticky":false,"template":"","format":"standard","meta":[],"categories":[5,6,14,3],"tags":[],"post_mailing_queue_ids":[],"_links":{"self":[{"href":"http:\/\/leslivresdaglae.fr\/index.php\/wp-json\/wp\/v2\/posts\/5481"}],"collection":[{"href":"http:\/\/leslivresdaglae.fr\/index.php\/wp-json\/wp\/v2\/posts"}],"about":[{"href":"http:\/\/leslivresdaglae.fr\/index.php\/wp-json\/wp\/v2\/types\/post"}],"author":[{"embeddable":true,"href":"http:\/\/leslivresdaglae.fr\/index.php\/wp-json\/wp\/v2\/users\/2"}],"replies":[{"embeddable":true,"href":"http:\/\/leslivresdaglae.fr\/index.php\/wp-json\/wp\/v2\/comments?post=5481"}],"version-history":[{"count":7,"href":"http:\/\/leslivresdaglae.fr\/index.php\/wp-json\/wp\/v2\/posts\/5481\/revisions"}],"predecessor-version":[{"id":6961,"href":"http:\/\/leslivresdaglae.fr\/index.php\/wp-json\/wp\/v2\/posts\/5481\/revisions\/6961"}],"wp:featuredmedia":[{"embeddable":true,"href":"http:\/\/leslivresdaglae.fr\/index.php\/wp-json\/wp\/v2\/media\/5535"}],"wp:attachment":[{"href":"http:\/\/leslivresdaglae.fr\/index.php\/wp-json\/wp\/v2\/media?parent=5481"}],"wp:term":[{"taxonomy":"category","embeddable":true,"href":"http:\/\/leslivresdaglae.fr\/index.php\/wp-json\/wp\/v2\/categories?post=5481"},{"taxonomy":"post_tag","embeddable":true,"href":"http:\/\/leslivresdaglae.fr\/index.php\/wp-json\/wp\/v2\/tags?post=5481"}],"curies":[{"name":"wp","href":"https:\/\/api.w.org\/{rel}","templated":true}]}}