{"id":5491,"date":"2019-07-19T17:13:33","date_gmt":"2019-07-19T15:13:33","guid":{"rendered":"http:\/\/leslivresdaglae.fr\/?p=5491"},"modified":"2020-03-10T18:05:08","modified_gmt":"2020-03-10T17:05:08","slug":"les-7-de-babylone-3-la-memoire-des-anciens","status":"publish","type":"post","link":"http:\/\/leslivresdaglae.fr\/index.php\/2019\/07\/19\/les-7-de-babylone-3-la-memoire-des-anciens\/","title":{"rendered":"Les 7 de Babylone &#8211; 3. Le serment des Spartiates"},"content":{"rendered":"<div class=\"_ebcx9\">\n<div class=\"_4a48i _277v9\">\n<p><span style=\"color: #759909;\"><em>Auteur <\/em><em>:<\/em><strong><em> Ta\u00ef-Marc Le Thanh<br \/>\n<\/em><\/strong><em>Editeur :\u00a0<\/em><strong><em> Slalom<br \/>\n<\/em><\/strong>2018 \/ 416 pages<\/span><br \/>\n<span style=\"color: #759909;\">14.90\u20ac<\/span><\/p>\n<\/div>\n<p style=\"text-align: justify;\"><span title=\"Modifi\u00e9\">Un dramaturge fran\u00e7ais du XIXe si\u00e8cle, un chef gaulois, un a\u00e8de du VIIIe si\u00e8cle avant J.C. surnomm\u00e9 \u00a0\u00bb le po\u00e8te \u00a0\u00bb par les Anciens, deux fr\u00e8res linguistes et philologues allemands, un compositeur allemand du XVIIIe si\u00e8cle, un romancier fran\u00e7ais du Moyen Age&#8230; constituent les 7 de Babylone. Leur mission : emp\u00eacher leurs ennemis de toujours de r\u00e9unir des fragments des 7 merveilles du monde, qui leur permettraient d&rsquo;acqu\u00e9rir un pouvoir destructeur.<br \/>\n<\/span><\/p>\n<div class=\"_4a48i _277v9\">\n<p style=\"text-align: justify;\"><span title=\"Modifi\u00e9\">Tome 3 : Dans ce troisi\u00e8me volet, Victor Hugo fait revenir Vivaldi et Rabelais, et L\u00e9onard, Attila et Marie-Antoinette. Le fragment des jardins de Babylone est d\u00e9rob\u00e9, mais pire : la pierre \u00e9galement. Les 7 partent \u00e0 Ath\u00e8nes sur les traces de L\u00e9onard qui invoque une arm\u00e9e de Spartiates tandis que l&rsquo;\u00e9tat de sant\u00e9 de Victor se d\u00e9grade&#8230; La prochaine confrontation se fera sur l&rsquo;ancien site de Troie.<br \/>\n<\/span><\/p>\n<p style=\"text-align: justify;\"><span style=\"color: #e66c20;\"><br \/>\n<span style=\"color: #d4117f;\"><strong><span title=\"Modifi\u00e9\"><span style=\"text-decoration: underline;\">Mon avis<\/span>\u00a0:<\/span><span class=\"resume-infobull-out\"><span class=\"resume-infobull-in loaded\"><span title=\"Modifi\u00e9\"><br \/>\n<\/span><\/span><\/span><\/strong><\/span><\/span><\/p>\n<p style=\"text-align: justify;\"><span style=\"color: #d4117f;\"><strong><span title=\"Modifi\u00e9\">C&rsquo;est avec beaucoup de plaisir que j&rsquo;ai attaqu\u00e9 ce livre, sans savoir encore que c&rsquo;\u00e9tait la fin de la trilogie (je ne savais pas que c&rsquo;en \u00e9tait une), et j&rsquo;ai beaucoup regrett\u00e9 que cette s\u00e9rie se termine (d\u00e9j\u00e0)!!!<\/span><\/strong><\/span><\/p>\n<p style=\"text-align: justify;\"><span style=\"color: #d4117f;\"><strong><span title=\"Modifi\u00e9\"> La folie de L\u00e9onard ne fait qu&#8217;empirer, et sa cruaut\u00e9 ne connait plus de limites. Malgr\u00e9 les efforts des Sept de Babylone, il s\u00e8me le chaos derri\u00e8re lui. La volont\u00e9 des deux camps est tenace, et j&rsquo;ai bien aim\u00e9 \u00e7a, car cela provoque de nombreux retournements de situation, le d\u00e9sespoir aidant \u00e0 prendre des risques&#8230;<\/span><\/strong><\/span><\/p>\n<p style=\"text-align: justify;\"><span style=\"color: #d4117f;\"><strong><span title=\"Modifi\u00e9\"> Les batailles sont encore plus impressionnantes que dans les deux premiers tomes, et les moyens surnaturels utilis\u00e9s d\u00e9passent l&rsquo;entendement!!! J&rsquo;ai beaucoup aim\u00e9 \u00e7a, et cela rajoute beaucoup de piquant \u00e0 la situation et \u00e0 l&rsquo;intrigue.<\/span><\/strong><\/span><\/p>\n<p style=\"text-align: justify;\"><span style=\"color: #419e74;\"><strong><span title=\"Modifi\u00e9\"><span style=\"color: #d4117f;\"> Des trois tomes, celui-ci est largement mon pr\u00e9f\u00e9r\u00e9!!!<\/span><br \/>\n<\/span><\/strong><\/span><\/p>\n<p><strong><span style=\"color: #5abbe8;\"><span title=\"Modifi\u00e9\"><img loading=\"lazy\" class=\"size-full wp-image-268 alignright\" src=\"http:\/\/leslivresdaglae.fr\/wp-content\/uploads\/2016\/11\/livre42.png\" alt=\"\" width=\"127\" height=\"30\" \/><\/span><\/span><\/strong><\/p>\n<\/div>\n<\/div>\n","protected":false},"excerpt":{"rendered":"<p>Dans ce troisi\u00e8me volet, Victor Hugo fait revenir Vivaldi et Rabelais, L\u00e9onard Attila et Marie-Antoinette. Le fragment des jardins de Babylone est d\u00e9rob\u00e9, mais pire : la pierre \u00e9galement. <\/p>\n","protected":false},"author":2,"featured_media":5550,"comment_status":"open","ping_status":"open","sticky":false,"template":"","format":"standard","meta":[],"categories":[5,6,14,3],"tags":[],"post_mailing_queue_ids":[],"_links":{"self":[{"href":"http:\/\/leslivresdaglae.fr\/index.php\/wp-json\/wp\/v2\/posts\/5491"}],"collection":[{"href":"http:\/\/leslivresdaglae.fr\/index.php\/wp-json\/wp\/v2\/posts"}],"about":[{"href":"http:\/\/leslivresdaglae.fr\/index.php\/wp-json\/wp\/v2\/types\/post"}],"author":[{"embeddable":true,"href":"http:\/\/leslivresdaglae.fr\/index.php\/wp-json\/wp\/v2\/users\/2"}],"replies":[{"embeddable":true,"href":"http:\/\/leslivresdaglae.fr\/index.php\/wp-json\/wp\/v2\/comments?post=5491"}],"version-history":[{"count":7,"href":"http:\/\/leslivresdaglae.fr\/index.php\/wp-json\/wp\/v2\/posts\/5491\/revisions"}],"predecessor-version":[{"id":6959,"href":"http:\/\/leslivresdaglae.fr\/index.php\/wp-json\/wp\/v2\/posts\/5491\/revisions\/6959"}],"wp:featuredmedia":[{"embeddable":true,"href":"http:\/\/leslivresdaglae.fr\/index.php\/wp-json\/wp\/v2\/media\/5550"}],"wp:attachment":[{"href":"http:\/\/leslivresdaglae.fr\/index.php\/wp-json\/wp\/v2\/media?parent=5491"}],"wp:term":[{"taxonomy":"category","embeddable":true,"href":"http:\/\/leslivresdaglae.fr\/index.php\/wp-json\/wp\/v2\/categories?post=5491"},{"taxonomy":"post_tag","embeddable":true,"href":"http:\/\/leslivresdaglae.fr\/index.php\/wp-json\/wp\/v2\/tags?post=5491"}],"curies":[{"name":"wp","href":"https:\/\/api.w.org\/{rel}","templated":true}]}}