{"id":5847,"date":"2019-09-20T18:49:10","date_gmt":"2019-09-20T16:49:10","guid":{"rendered":"http:\/\/leslivresdaglae.fr\/?p=5847"},"modified":"2020-03-17T18:33:44","modified_gmt":"2020-03-17T17:33:44","slug":"ellana-2","status":"publish","type":"post","link":"http:\/\/leslivresdaglae.fr\/index.php\/2019\/09\/20\/ellana-2\/","title":{"rendered":"Les \u00e2mes crois\u00e9es"},"content":{"rendered":"<div class=\"_ebcx9\">\n<div class=\"_4a48i _277v9\">\n<p><span style=\"color: #000000;\"><em>Auteur <\/em><em>:<\/em><strong><em> Pierre Bottero<br \/>\n<\/em><\/strong><em>Editeur\u00a0:<\/em><strong><em> Rageot<br \/>\n<\/em><\/strong><em>2011 \/ 440 pages<br \/>\n7.90<\/em><em> \u20ac<\/em><\/span><\/p>\n<p style=\"text-align: justify;\"><span title=\"Modifi\u00e9\">Nawel vit \u00e0 Jurilan, le royaume des douze cit\u00e9s. Aspirante comme ses amis Philla et Erga\u00efl, elle va choisir la caste correspondant \u00e0 ses aspirations profondes pour le reste de sa vie. Tout indique qu\u2019elle entrera, selon le d\u00e9sir de ses parents, chez les prestigieuses Robes Mages. Mais Nawel s\u2019interroge sur sa place dans cette caste et sur la voie qu\u2019elle doit suivre\u2026Un roman de fantasy dont les fils croisent Les Mondes d\u2019Ewilan et L\u2019Autre, mais aussi une r\u00e9flexion profonde sur le destin et la responsabilit\u00e9, l\u2019ambition et la sinc\u00e9rit\u00e9, le hasard et la force des r\u00eaves.<\/span><\/p>\n<p style=\"text-align: justify;\"><span style=\"color: #442185;\"><strong><span title=\"Modifi\u00e9\"><span style=\"text-decoration: underline;\">Mon avis<\/span>\u00a0:<\/span><\/strong><span class=\"resume-infobull-out\"><span class=\"resume-infobull-in loaded\"><span title=\"Modifi\u00e9\"><br \/>\n<\/span><\/span><\/span><\/span><\/p>\n<p style=\"text-align: justify;\"><span style=\"color: #442185;\"><span title=\"Modifi\u00e9\">Ce livre est un coup de c\u0153ur \u00e9norme, il est vraiment g\u00e9nial (comme tous ceux de Pierre Bottero&#8230;) !!! <\/span><\/span><\/p>\n<p style=\"text-align: justify;\"><span style=\"color: #442185;\"><span title=\"Modifi\u00e9\">Notre h\u00e9ro\u00efne, Nawel, est un jeune femme du peuple \u00ab\u00a0Perle\u00a0\u00bb, un peuple privil\u00e9gi\u00e9 dans sa soci\u00e9t\u00e9. Cela signifie qu&rsquo;elle a tout pouvoir sur les \u00ab\u00a0Cendres\u00a0\u00bb, peuple inf\u00e9rieur, et qu&rsquo;elle aura la chance d&rsquo;avoir un poste prestigieux dans la soci\u00e9t\u00e9. Cette position est d\u00fb au fait qu&rsquo;elle vient d&rsquo;une famille importante, haut plac\u00e9e, et qu&rsquo;elle a acc\u00e8s \u00e0 l&rsquo;\u00e9ducation.<\/span><\/span><\/p>\n<p style=\"text-align: justify;\"><span style=\"color: #442185;\"><span title=\"Modifi\u00e9\"> On suit son \u00e9volution avec int\u00e9r\u00eat tout au long du livre, c&rsquo;est tr\u00e8s bien fait. De m\u00e9prisante, et cruelle avec tout le monde, elle devient plus sensible, plus \u00e9quilibr\u00e9e. Au d\u00e9but, on la d\u00e9teste (presque), et \u00e0 la fin, on l&rsquo;adore. <\/span><\/span><\/p>\n<p style=\"text-align: justify;\"><span style=\"color: #442185;\"><span title=\"Modifi\u00e9\"> Comme dans tous les livres de Pierre Bottero, tout est harmonieux, po\u00e9tique. C&rsquo;est une sensation difficile \u00e0 d\u00e9finir, \u00e0 d\u00e9crire, mais c&rsquo;est vraiment exceptionnel!<\/span><\/span><\/p>\n<p style=\"text-align: justify;\"><span style=\"color: #442185;\"><span title=\"Modifi\u00e9\"> La fin est particuli\u00e8rement pleine de suspense, et \u00e7a donne tr\u00e8s envie de lire la suite. Malheureusement, l&rsquo;auteur n&rsquo;avait pas pr\u00e9vu d&rsquo;en \u00e9crire une, et de toute fa\u00e7on, il est mort avant d&rsquo;en avoir eut l&rsquo;occasion.\u00a0 <\/span><\/span><\/p>\n<p style=\"text-align: justify;\"><span style=\"color: #ff6600;\"><span title=\"Modifi\u00e9\"><span style=\"color: #ff0000;\"><span style=\"color: #442185;\">C&rsquo;est un roman qui d\u00e9crit avec justesse l&rsquo;oppression d&rsquo;un peuple, et l&rsquo;avenir d&rsquo;une jeune fille qui en prend conscience. Chaque mot, chaque phrase sonne juste, et on n&rsquo;arrive pas \u00e0 quitter le livre une fois qu&rsquo;on l&rsquo;a commenc\u00e9. Je conseille ce livre \u00e0 tous les amateurs de fantastique, mais aussi \u00e0 tout lecteur, tellement il est g\u00e9nial. Mais si vous n&rsquo;avez jamais lu Pierre Bottero, je vous conseille d&rsquo;abord ses trois s\u00e9ries cultes: La qu\u00eate d&rsquo;Ewilan, Les mondes d&rsquo;Ewilan, et Ellana&#8230;<\/span><\/span><\/span><strong><span title=\"Modifi\u00e9\"><span style=\"color: #ff0000;\"><br \/>\n<\/span><\/span><\/strong><\/span><\/p>\n<p style=\"text-align: justify;\"><strong><span style=\"color: #5abbe8;\"><span title=\"Modifi\u00e9\"><span style=\"color: #8ae6d2;\">\u00a0<\/span><img loading=\"lazy\" class=\"size-full wp-image-268 alignright\" src=\"http:\/\/leslivresdaglae.fr\/wp-content\/uploads\/2016\/11\/livre42.png\" alt=\"\" width=\"127\" height=\"30\" \/><\/span><\/span><\/strong><span id=\"resume-infobull-out3175610\" class=\"resume-infobull-out\"><span id=\"resume-infobull-in3175610\" class=\"resume-infobull-in loaded\"><\/span><\/span><span id=\"resume-infobull-out3175610\" class=\"resume-infobull-out\"><span id=\"resume-infobull-in3175610\" class=\"resume-infobull-in loaded\"><\/span><\/span><\/p>\n<p style=\"text-align: justify;\"><span style=\"color: #d90472;\"><span id=\"resume-infobull-out3175610\" class=\"resume-infobull-out\"><span id=\"resume-infobull-in3175610\" class=\"resume-infobull-in loaded\"><span title=\"Modifi\u00e9\">\u00a0<\/span><\/span><\/span><\/span><\/p>\n<\/div>\n<\/div>\n","protected":false},"excerpt":{"rendered":"<p>Dans le tome 3, Ellana est face \u00e0 son destin, et doit livrer une ultime bataille pour tenter de retrouver ce qu\u2019elle a de plus pr\u00e9cieux au monde : son fils, enlev\u00e9 par les mercenaires du Chaos.<\/p>\n","protected":false},"author":2,"featured_media":5892,"comment_status":"open","ping_status":"open","sticky":false,"template":"","format":"standard","meta":[],"categories":[5,14,3],"tags":[],"post_mailing_queue_ids":[],"_links":{"self":[{"href":"http:\/\/leslivresdaglae.fr\/index.php\/wp-json\/wp\/v2\/posts\/5847"}],"collection":[{"href":"http:\/\/leslivresdaglae.fr\/index.php\/wp-json\/wp\/v2\/posts"}],"about":[{"href":"http:\/\/leslivresdaglae.fr\/index.php\/wp-json\/wp\/v2\/types\/post"}],"author":[{"embeddable":true,"href":"http:\/\/leslivresdaglae.fr\/index.php\/wp-json\/wp\/v2\/users\/2"}],"replies":[{"embeddable":true,"href":"http:\/\/leslivresdaglae.fr\/index.php\/wp-json\/wp\/v2\/comments?post=5847"}],"version-history":[{"count":9,"href":"http:\/\/leslivresdaglae.fr\/index.php\/wp-json\/wp\/v2\/posts\/5847\/revisions"}],"predecessor-version":[{"id":7033,"href":"http:\/\/leslivresdaglae.fr\/index.php\/wp-json\/wp\/v2\/posts\/5847\/revisions\/7033"}],"wp:featuredmedia":[{"embeddable":true,"href":"http:\/\/leslivresdaglae.fr\/index.php\/wp-json\/wp\/v2\/media\/5892"}],"wp:attachment":[{"href":"http:\/\/leslivresdaglae.fr\/index.php\/wp-json\/wp\/v2\/media?parent=5847"}],"wp:term":[{"taxonomy":"category","embeddable":true,"href":"http:\/\/leslivresdaglae.fr\/index.php\/wp-json\/wp\/v2\/categories?post=5847"},{"taxonomy":"post_tag","embeddable":true,"href":"http:\/\/leslivresdaglae.fr\/index.php\/wp-json\/wp\/v2\/tags?post=5847"}],"curies":[{"name":"wp","href":"https:\/\/api.w.org\/{rel}","templated":true}]}}