{"id":6166,"date":"2019-12-08T10:45:29","date_gmt":"2019-12-08T09:45:29","guid":{"rendered":"http:\/\/leslivresdaglae.fr\/?p=6166"},"modified":"2020-03-07T16:14:00","modified_gmt":"2020-03-07T15:14:00","slug":"frnck-5-cannibales","status":"publish","type":"post","link":"http:\/\/leslivresdaglae.fr\/index.php\/2019\/12\/08\/frnck-5-cannibales\/","title":{"rendered":"Frnck &#8211; 5. Cannibales"},"content":{"rendered":"<div class=\"_ebcx9\">\n<div class=\"_4a48i _277v9\">\n<p><span style=\"color: #700b80;\"><em>Sc\u00e9nario <\/em><em>:<strong> Olivier Bocquet<br \/>\n<\/strong>Dessin :<strong> Brice Cossu<br \/>\n<\/strong>Couleurs <strong>: Yoann Guillo<br \/>\n<\/strong><\/em><em>Editeur\u00a0:<\/em><strong><em> Dupuis BD<br \/>\n<\/em><\/strong><em>2019<\/em><em> \/ 65 pages<br \/>\n10.95 \u20ac<span title=\"Modifi\u00e9\">\u00a0<\/span> <\/em><\/span><\/p>\n<p style=\"text-align: justify;\"><span title=\"Modifi\u00e9\"><span id=\"react-root\">Suite \u00e0 une \u00e9ruption, toute la tribu s&rsquo;est r\u00e9fugi\u00e9e sur un tronc d&rsquo;arbre, embarcation de fortune, pour fuir la col\u00e8re du volcan. Comme Franck est le dernier \u00e0 avoir vu L\u00e9onard et Gargouille, tout le monde l&rsquo;accuse de les avoir laiss\u00e9s mourir&#8230; Et il peut difficilement expliquer qu&rsquo;ils ont \u00e9t\u00e9 exp\u00e9di\u00e9s au XXIe si\u00e8cle via le lac par lequel lui-m\u00eame est arriv\u00e9 dans la pr\u00e9histoire ! Franck n&rsquo;a pas le temps de se remettre de toutes ces r\u00e9v\u00e9lations qu&rsquo;il est fait prisonnier par une tribu de cannibales dirig\u00e9e par une cheffe cruelle dont la fille est une vieille connaissance de Franck&#8230;<\/span><\/span><span id=\"react-root\"><\/span><\/p>\n<p><span style=\"color: #ba1818;\"><strong><span class=\"resume-infobull-out\"><span class=\"resume-infobull-in loaded\"><span title=\"Modifi\u00e9\"><span style=\"text-decoration: underline;\">Mon avis\u00a0<\/span>:<br \/>\n<\/span><\/span><\/span><\/strong><\/span><\/p>\n<p style=\"text-align: justify;\"><span style=\"color: #ba1818;\"><strong><span title=\"Modifi\u00e9\"><span id=\"react-root\">Vous me reconnaissez sur la vignette??? Moi aussi j&rsquo;ai \u00e9t\u00e9 catapult\u00e9e dans la Pr\u00e9histoire, comme Franck (Frnck) le h\u00e9ros! Et je ne suis gu\u00e8re rassur\u00e9e avec ces cannibales \u00e0 nos trousses!!!<\/span><\/span><\/strong><\/span><\/p>\n<p style=\"text-align: justify;\"><span style=\"color: #ba1818;\"><strong><span title=\"Modifi\u00e9\"><span id=\"react-root\"> Vous l&rsquo;avez compris, j&rsquo;ai vraiment beaucoup aim\u00e9 cette BD, moi qui d&rsquo;habitude n&rsquo;en lis pas particuli\u00e8rement! Le sc\u00e9nario est tr\u00e8s facile \u00e0 comprendre, m\u00eame si on n&rsquo;a pas lu les tomes 1 \u00e0 4 (comme moi). D&rsquo;ailleurs, depuis j&rsquo;ai achet\u00e9 et lu le tome 1 car j&rsquo;avais trop envie de conna\u00eetre le d\u00e9but des m\u00e9saventures de Franck!!!<br \/>\n<\/span><\/span><\/strong><\/span><\/p>\n<p style=\"text-align: justify;\"><span style=\"color: #ba1818;\"><strong><span title=\"Modifi\u00e9\"><span id=\"react-root\"> Franck, ado de 13 ans, est t\u00e9l\u00e9port\u00e9 dans la pr\u00e9histoire au d\u00e9but de son aventure et doit faire face cette fois-ci \u00e0 des cannibales peu accueillants!!! Et ce, alors qu&rsquo;il vient de s&rsquo;attirer les foudres de toute sa nouvelle tribu&#8230;\u00a0 <\/span><\/span><\/strong><\/span><\/p>\n<p style=\"text-align: justify;\"><span style=\"color: #ba1818;\"><strong><span title=\"Modifi\u00e9\"><span id=\"react-root\">J&rsquo;ai beaucoup aim\u00e9 le principe de l&rsquo;histoire, assez original, compl\u00e8tement fou, mais surtout g\u00e9nial! Il offre plein de possibilit\u00e9s farfelues, et j&rsquo;ai h\u00e2te de lire les autres tomes (2-3-4 et le 6 \u00e9dit\u00e9 bient\u00f4t je crois), pour voir ce que \u00e7a rend! <\/span><\/span><\/strong><\/span><\/p>\n<p style=\"text-align: justify;\"><span style=\"color: #ba1818;\"><strong><span title=\"Modifi\u00e9\"><span id=\"react-root\">Le graphisme est tr\u00e8s int\u00e9ressant, et sans lui, l&rsquo;histoire serait beaucoup moins dr\u00f4le \u00e0 lire! L'\u00a0\u00bbintrusion\u00a0\u00bb de Franck dans la pr\u00e9histoire est montr\u00e9e de mani\u00e8re ironique: son manque d&rsquo;anticipation face aux dangers, la mani\u00e8re dont il persiste \u00e0 vouloir faire comprendre son monde aux hommes pr\u00e9historiques&#8230; On voit bien le d\u00e9calage entre lui et la pr\u00e9histoire, et c&rsquo;est repr\u00e9sent\u00e9 de mani\u00e8re comique. <\/span><\/span><\/strong><\/span><\/p>\n<p style=\"text-align: justify;\"><span style=\"color: #ba1818;\"><strong><span title=\"Modifi\u00e9\"><span id=\"react-root\">M\u00eame si c&rsquo;\u00e9tait court \u00e0 lire, j&rsquo;y ai pris beaucoup de plaisir, et je vous conseille fortement cette BD!<\/span><\/span><\/strong><\/span><span id=\"react-root\"><\/span><\/p>\n<p style=\"text-align: justify;\"><span id=\"react-root\"><\/span><span id=\"react-root\"><\/span><img loading=\"lazy\" class=\"size-full wp-image-268 alignright\" src=\"http:\/\/leslivresdaglae.fr\/wp-content\/uploads\/2016\/11\/livre42.png\" alt=\"\" width=\"127\" height=\"30\" \/><\/p>\n<\/div>\n<\/div>\n","protected":false},"excerpt":{"rendered":"<p>Suite \u00e0 une \u00e9ruption, toute la tribu s&rsquo;est r\u00e9fugi\u00e9e sur un tronc d&rsquo;arbre, embarcation de fortune, pour fuir la col\u00e8re du volcan. Comme Franck est le dernier \u00e0 avoir vu L\u00e9onard et Gargouille, tout le monde l&rsquo;accuse de les avoir laiss\u00e9s mourir&#8230; Et il peut difficilement expliquer qu&rsquo;ils ont \u00e9t\u00e9 exp\u00e9di\u00e9s au XXIe si\u00e8cle via le lac par lequel lui-m\u00eame est arriv\u00e9 dans la pr\u00e9histoire !<\/p>\n","protected":false},"author":2,"featured_media":6180,"comment_status":"open","ping_status":"open","sticky":false,"template":"","format":"standard","meta":[],"categories":[2,5,14,3],"tags":[],"post_mailing_queue_ids":[],"_links":{"self":[{"href":"http:\/\/leslivresdaglae.fr\/index.php\/wp-json\/wp\/v2\/posts\/6166"}],"collection":[{"href":"http:\/\/leslivresdaglae.fr\/index.php\/wp-json\/wp\/v2\/posts"}],"about":[{"href":"http:\/\/leslivresdaglae.fr\/index.php\/wp-json\/wp\/v2\/types\/post"}],"author":[{"embeddable":true,"href":"http:\/\/leslivresdaglae.fr\/index.php\/wp-json\/wp\/v2\/users\/2"}],"replies":[{"embeddable":true,"href":"http:\/\/leslivresdaglae.fr\/index.php\/wp-json\/wp\/v2\/comments?post=6166"}],"version-history":[{"count":11,"href":"http:\/\/leslivresdaglae.fr\/index.php\/wp-json\/wp\/v2\/posts\/6166\/revisions"}],"predecessor-version":[{"id":6638,"href":"http:\/\/leslivresdaglae.fr\/index.php\/wp-json\/wp\/v2\/posts\/6166\/revisions\/6638"}],"wp:featuredmedia":[{"embeddable":true,"href":"http:\/\/leslivresdaglae.fr\/index.php\/wp-json\/wp\/v2\/media\/6180"}],"wp:attachment":[{"href":"http:\/\/leslivresdaglae.fr\/index.php\/wp-json\/wp\/v2\/media?parent=6166"}],"wp:term":[{"taxonomy":"category","embeddable":true,"href":"http:\/\/leslivresdaglae.fr\/index.php\/wp-json\/wp\/v2\/categories?post=6166"},{"taxonomy":"post_tag","embeddable":true,"href":"http:\/\/leslivresdaglae.fr\/index.php\/wp-json\/wp\/v2\/tags?post=6166"}],"curies":[{"name":"wp","href":"https:\/\/api.w.org\/{rel}","templated":true}]}}