{"id":7521,"date":"2020-07-11T18:39:43","date_gmt":"2020-07-11T16:39:43","guid":{"rendered":"http:\/\/leslivresdaglae.fr\/?p=7521"},"modified":"2020-07-11T22:49:32","modified_gmt":"2020-07-11T20:49:32","slug":"grisha","status":"publish","type":"post","link":"http:\/\/leslivresdaglae.fr\/index.php\/2020\/07\/11\/grisha\/","title":{"rendered":"Grisha"},"content":{"rendered":"<div class=\"_ebcx9\">\n<div class=\"_4a48i _277v9\">\n<p><span style=\"color: #3d7c85;\"><em>Autrice :<strong> Leigh Bardugo<\/strong><strong><br \/><\/strong>Editeur\u00a0:<strong> Le Livre de Poche Jeunesse<br \/><\/strong><\/em><em>2020<\/em><em> \/ 339 pages<br \/>6.90<\/em><em> \u20ac<\/em><\/span><\/p>\n<p style=\"text-align: justify;\"><span title=\"Modifi\u00e9\"><span class=\"sencera\">Ombre. Guerre. Chaos. Un royaume envahi par les t\u00e9n\u00e8bres. Une \u00e9lite magique qui se bat sans rel\u00e2che contre ce mal. Des citoyens envoy\u00e9s en p\u00e2ture aux cr\u00e9atures qui peuplent le Shadow Fold. Parmi eux : Alina Starkov. Espoir. Destin\u00e9e. Renouveau. L&rsquo;avenir de tous repose sur les \u00e9paules d&rsquo;une orpheline qui ignore tout de son pouvoir. L&rsquo;Invocatrice de lumi\u00e8re.\u00a0<br \/><\/span><\/span><\/p>\n<p style=\"text-align: justify;\"><span style=\"text-decoration: underline; color: #1458cc;\"><strong>Mon avis:<\/strong><\/span><\/p>\n<p style=\"text-align: justify;\"><span style=\"color: #1458cc;\"><strong><span title=\"Modifi\u00e9\">Heyyyy tout le monde !!! On se rejoint aujourd\u2019hui pour une petite chronique en bonne et due forme! <br \/><\/span><\/strong><\/span><\/p>\n<p style=\"text-align: justify;\"><span style=\"color: #1458cc;\"><strong><span title=\"Modifi\u00e9\">Grisha avait tout pour \u00eatre UN COUP DE C\u0152UR ! Et \u00e0 vrai dire, c\u2019en ai (presque) un. Enfin\u2026 moins qu\u2019il n\u2019aurait pu l\u2019\u00eatre, mais j\u2019ai quand m\u00eame beaucoup aim\u00e9 ce tome 1 m\u00eame si les personnages ne sont pas \u00e0 la hauteur de ceux de SIX OF CROWS, l\u2019autre saga que j\u2019ai lue de cette autrice . <\/span><\/strong><\/span><\/p>\n<p style=\"text-align: justify;\"><span style=\"color: #1458cc;\"><strong><span title=\"Modifi\u00e9\">Le d\u00e9but du roman est somme toute classique : u<\/span><\/strong><strong><span title=\"Modifi\u00e9\">n monde o\u00f9 ceux qui ont des pouvoirs appartiennent \u00e0 des classes sup\u00e9rieures. O\u00f9 une h\u00e9ro\u00efne orpheline aime en secret son ami d\u2019enfance, un autre orphelin, mais qui lui, ne lui pr\u00eate aucune attention. Et puis soudain, badaboum ! Elle d\u00e9couvre qu\u2019elle a des pouvoirs (qui devraient \u00eatre connus depuis TR\u00c8S longtemps) et il s\u2019av\u00e8re qu\u2019elle seule (eh oui, elle est m\u00e9ga-puissante, que voulez-vous !) peut sauver le monde. A cela s\u2019ajoutent des nobles paresseux, un roi incapable, une cour d\u00e9sagr\u00e9able o\u00f9 elle doit apprendre \u00e0 connaitre son pouvoir, un myst\u00e9rieux t\u00e9n\u00e9breux un peu trop attir\u00e9 par le pouvoir et par la magie noire, et\u2026 Enfin, vous avez compris. Malgr\u00e9 quelques nuances, cela reste un sch\u00e9ma assez classique!<\/span><\/strong><\/span><\/p>\n<p style=\"text-align: justify;\"><span style=\"color: #1458cc;\"><strong><span title=\"Modifi\u00e9\">L\u2019\u00e9criture, encore une fois, ne m\u2019a pas g\u00ean\u00e9e, mais ne m\u2019a pas particuli\u00e8rement plu. Je suis assez ind\u00e9cise: est-ce d\u00fb \u00e0 la vitesse de l\u2019\u00e9criture, la mani\u00e8re dont s\u2019encha\u00eenent les \u00e9v\u00e9nements sous cette plume ? Je ne sais pas. Mais il y a ind\u00e9niablement quelque chose qui m\u2019a un peu d\u00e9rang\u00e9e.<\/span><\/strong><\/span><\/p>\n<p style=\"text-align: justify;\"><span style=\"color: #1458cc;\"><strong><span title=\"Modifi\u00e9\">Bref, j\u2019ai aim\u00e9 ce tome, mais je m\u2019attendais \u00e0 un peu mieux. Pourquoi ? Les notions de bien et de mal classiques n\u2019avaient pas cours dans SIX OF CROWS. J\u2019attendais une chose assez similaire, mais malheureusement, non. Certes, c\u2019est moins sch\u00e9matique que dans d\u2019autres livres, mais quand m\u00eame&#8230;<\/span><\/strong><\/span><\/p>\n<p style=\"text-align: justify;\"><span style=\"color: #ff9900;\"><strong>\u00a0<span style=\"color: #ff0000;\">\u00a0\u00a0<\/span> <img loading=\"lazy\" class=\"size-full wp-image-267 alignright\" src=\"http:\/\/leslivresdaglae.fr\/wp-content\/uploads\/2016\/11\/livre32.png\" alt=\"\" width=\"125\" height=\"30\" \/><\/strong><\/span><\/p>\n<\/div>\n<div class=\"_4a48i _277v9\">\u00a0<\/div>\n<\/div>\n\n\n<p><\/p>\n","protected":false},"excerpt":{"rendered":"<p>Ombre. Guerre. Chaos. Un royaume envahi par les t\u00e9n\u00e8bres. Une \u00e9lite magique qui se bat sans rel\u00e2che contre ce mal. Des citoyens envoy\u00e9s en p\u00e2ture aux cr\u00e9atures qui peuplent le Shadow Fold.<\/p>\n","protected":false},"author":2,"featured_media":7551,"comment_status":"open","ping_status":"open","sticky":false,"template":"","format":"standard","meta":[],"categories":[5,12,3],"tags":[],"post_mailing_queue_ids":[],"_links":{"self":[{"href":"http:\/\/leslivresdaglae.fr\/index.php\/wp-json\/wp\/v2\/posts\/7521"}],"collection":[{"href":"http:\/\/leslivresdaglae.fr\/index.php\/wp-json\/wp\/v2\/posts"}],"about":[{"href":"http:\/\/leslivresdaglae.fr\/index.php\/wp-json\/wp\/v2\/types\/post"}],"author":[{"embeddable":true,"href":"http:\/\/leslivresdaglae.fr\/index.php\/wp-json\/wp\/v2\/users\/2"}],"replies":[{"embeddable":true,"href":"http:\/\/leslivresdaglae.fr\/index.php\/wp-json\/wp\/v2\/comments?post=7521"}],"version-history":[{"count":9,"href":"http:\/\/leslivresdaglae.fr\/index.php\/wp-json\/wp\/v2\/posts\/7521\/revisions"}],"predecessor-version":[{"id":7553,"href":"http:\/\/leslivresdaglae.fr\/index.php\/wp-json\/wp\/v2\/posts\/7521\/revisions\/7553"}],"wp:featuredmedia":[{"embeddable":true,"href":"http:\/\/leslivresdaglae.fr\/index.php\/wp-json\/wp\/v2\/media\/7551"}],"wp:attachment":[{"href":"http:\/\/leslivresdaglae.fr\/index.php\/wp-json\/wp\/v2\/media?parent=7521"}],"wp:term":[{"taxonomy":"category","embeddable":true,"href":"http:\/\/leslivresdaglae.fr\/index.php\/wp-json\/wp\/v2\/categories?post=7521"},{"taxonomy":"post_tag","embeddable":true,"href":"http:\/\/leslivresdaglae.fr\/index.php\/wp-json\/wp\/v2\/tags?post=7521"}],"curies":[{"name":"wp","href":"https:\/\/api.w.org\/{rel}","templated":true}]}}