{"id":3079,"date":"2018-02-24T19:14:02","date_gmt":"2018-02-24T18:14:02","guid":{"rendered":"http:\/\/leslivresdaglae.fr\/?p=3079"},"modified":"2020-03-11T01:36:34","modified_gmt":"2020-03-11T00:36:34","slug":"tarzan-poney-mechant-2-2-2-2-2-4-2-2-2-2-2-2-2-2-2-2-2-3","status":"publish","type":"post","link":"https:\/\/leslivresdaglae.fr\/index.php\/2018\/02\/24\/tarzan-poney-mechant-2-2-2-2-2-4-2-2-2-2-2-2-2-2-2-2-2-3\/","title":{"rendered":"La Passe-Miroir &#8211; 2. Les disparus de Clairdelune"},"content":{"rendered":"<div class=\"_ebcx9\">\n<div class=\"_4a48i _277v9\">\n<p><span style=\"color: #bd8b19;\"><em>Auteur <\/em><em>:<\/em><strong><em> Christelle Dabos<br \/>\n<\/em><\/strong><em>Editeur\u00a0:<\/em><strong><em> Gallimard Jeunesse<br \/>\n<\/em><\/strong><em>2015 \/ 560<\/em><\/span><span style=\"color: #993300;\"><span style=\"color: #bd8b19;\"><em> pages<br \/>\n19.00<\/em><\/span><em><span style=\"color: #bd8b19;\"> \u20ac <\/span><br \/>\n<\/em><\/span><\/p>\n<p style=\"text-align: justify;\"><span title=\"Modifi\u00e9\">Fra\u00eechement promue vice-conteuse, Oph\u00e9lie d\u00e9couvre \u00e0 ses d\u00e9pens les haines et les complots qui couvent sous les plafonds dor\u00e9s de la Citacielle. Dans cette situation toujours p\u00e9rilleuse, peut-elle seulement compter sur Thorn, son \u00e9nigmatique fianc\u00e9 ? Et que signifient les myst\u00e9rieuses disparitions des personnalit\u00e9s influentes \u00e0 la cour ? Oph\u00e9lie se retrouve impliqu\u00e9e malgr\u00e9 elle dans une enqu\u00eate qui l\u2019entra\u00eenera au-del\u00e0 des illusions du P\u00f4le, au coeur d\u2019une redoutable v\u00e9rit\u00e9.<br \/>\n<\/span><\/p>\n<p><span style=\"color: #523f0c;\"><strong><span title=\"Modifi\u00e9\"><span style=\"text-decoration: underline;\">Mon avis<\/span>\u00a0:<\/span><span class=\"resume-infobull-out\"><span class=\"resume-infobull-in loaded\"><span title=\"Modifi\u00e9\"><br \/>\n<\/span><\/span><\/span><\/strong><\/span><\/p>\n<p style=\"text-align: justify;\"><span style=\"color: #31a396;\"><strong><span title=\"Modifi\u00e9\"><span style=\"color: #523f0c;\">J&rsquo;ai encore plus appr\u00e9ci\u00e9 ce second tome -j&rsquo;avais d\u00e9j\u00e0 ador\u00e9 le premier! J&rsquo;ai bien aim\u00e9 retrouver tous les personnages du tome pr\u00e9c\u00e9dent, notamment Oph\u00e9lie. Je suis fascin\u00e9e par les deux pouvoirs de l&rsquo;h\u00e9ro\u00efne: passe-miroir et animiste. Je trouve que l&rsquo;auteur a \u00e9norm\u00e9ment d&rsquo;imagination! <\/span><br \/>\n<\/span><\/strong><\/span><\/p>\n<p style=\"text-align: justify;\"><img loading=\"lazy\" class=\"size-full wp-image-268 alignright\" src=\"http:\/\/leslivresdaglae.fr\/wp-content\/uploads\/2016\/11\/livre42.png\" alt=\"\" width=\"127\" height=\"30\" \/><\/p>\n<\/div>\n<\/div>\n","protected":false},"excerpt":{"rendered":"<p>Fra\u00eechement promue vice-conteuse, Oph\u00e9lie d\u00e9couvre \u00e0 ses d\u00e9pens les haines et les complots qui couvent sous les plafonds dor\u00e9s de la Citacielle. Dans cette situation toujours p\u00e9rilleuse, peut-elle seulement compter sur Thorn, son \u00e9nigmatique fianc\u00e9 ?<\/p>\n","protected":false},"author":2,"featured_media":3085,"comment_status":"open","ping_status":"open","sticky":false,"template":"","format":"standard","meta":[],"categories":[5,14,3],"tags":[],"post_mailing_queue_ids":[],"_links":{"self":[{"href":"https:\/\/leslivresdaglae.fr\/index.php\/wp-json\/wp\/v2\/posts\/3079"}],"collection":[{"href":"https:\/\/leslivresdaglae.fr\/index.php\/wp-json\/wp\/v2\/posts"}],"about":[{"href":"https:\/\/leslivresdaglae.fr\/index.php\/wp-json\/wp\/v2\/types\/post"}],"author":[{"embeddable":true,"href":"https:\/\/leslivresdaglae.fr\/index.php\/wp-json\/wp\/v2\/users\/2"}],"replies":[{"embeddable":true,"href":"https:\/\/leslivresdaglae.fr\/index.php\/wp-json\/wp\/v2\/comments?post=3079"}],"version-history":[{"count":4,"href":"https:\/\/leslivresdaglae.fr\/index.php\/wp-json\/wp\/v2\/posts\/3079\/revisions"}],"predecessor-version":[{"id":6968,"href":"https:\/\/leslivresdaglae.fr\/index.php\/wp-json\/wp\/v2\/posts\/3079\/revisions\/6968"}],"wp:featuredmedia":[{"embeddable":true,"href":"https:\/\/leslivresdaglae.fr\/index.php\/wp-json\/wp\/v2\/media\/3085"}],"wp:attachment":[{"href":"https:\/\/leslivresdaglae.fr\/index.php\/wp-json\/wp\/v2\/media?parent=3079"}],"wp:term":[{"taxonomy":"category","embeddable":true,"href":"https:\/\/leslivresdaglae.fr\/index.php\/wp-json\/wp\/v2\/categories?post=3079"},{"taxonomy":"post_tag","embeddable":true,"href":"https:\/\/leslivresdaglae.fr\/index.php\/wp-json\/wp\/v2\/tags?post=3079"}],"curies":[{"name":"wp","href":"https:\/\/api.w.org\/{rel}","templated":true}]}}