{"id":3170,"date":"2018-03-26T22:19:02","date_gmt":"2018-03-26T20:19:02","guid":{"rendered":"http:\/\/leslivresdaglae.fr\/?p=3170"},"modified":"2020-03-11T02:11:12","modified_gmt":"2020-03-11T01:11:12","slug":"six-contre-un","status":"publish","type":"post","link":"https:\/\/leslivresdaglae.fr\/index.php\/2018\/03\/26\/six-contre-un\/","title":{"rendered":"Six contre un"},"content":{"rendered":"<div class=\"_ebcx9\">\n<div class=\"_4a48i _277v9\">\n<p><span style=\"color: #597be3;\"><em>Auteure <\/em><em>:<strong> C\u00e9cile Alix<br \/>\n<\/strong><\/em> <em>Editeur\u00a0:<\/em><strong><em> Magnard Jeunesse<br \/>\n<\/em><\/strong><em>2018<\/em><em> \/ 96 pages<br \/>\n5.60 \u20ac<span title=\"Modifi\u00e9\">\u00a0<\/span> <\/em><\/span><\/p>\n<p style=\"text-align: justify;\"><span title=\"Modifi\u00e9\">\u00ab\u00a0Je sais bien qu&rsquo;il faut que je ne me laisse pas faire. Je sais bien que tout est de ma faute, que je suis une grosse chiffe molle, un gras du bide, un Big Mac, que si j&rsquo;\u00e9tais normal, je n&rsquo;aurais pas de probl\u00e8mes. D\u00e8s qu&rsquo;ils me frappent, je rentre la t\u00eate dans les \u00e9paules et je me prot\u00e8ge avec mes bras, je m&rsquo;enroule sur moi-m\u00eame, je fais l&rsquo;escargot. Mais je n&rsquo;ai pas de coquille.\u00a0\u00bb Chaque jour, Ludo est bouscul\u00e9, moqu\u00e9, humili\u00e9 par six gar\u00e7ons de son coll\u00e8ge.<br \/>\nChaque jour, il encaisse. Les intimidations, la peur, et m\u00eame les coups. Jusqu&rsquo;o\u00f9 iront-ils ? Jusqu&rsquo;\u00e0 quand Ludo tiendra-t-il ? O\u00f9 sera l&rsquo;issue ? Et si elle se trouvait justement l\u00e0 o\u00f9 Ludo n&rsquo;a plus l&rsquo;id\u00e9e d&rsquo;aller la chercher : dans le soutien bienveillant de ses proches\u00a0? M\u00eame si la route est longue, la vie a parfois plus d&rsquo;imagination et de souffle que pr\u00e9vu.<br \/>\n<\/span><\/p>\n<p><span title=\"Modifi\u00e9\"><br \/>\n<\/span><span id=\"react-root\"><\/span><span style=\"color: #cc1512;\"><strong><span title=\"Modifi\u00e9\"><span style=\"text-decoration: underline;\">Mon avis<\/span>\u00a0:<\/span><span class=\"resume-infobull-out\"><span class=\"resume-infobull-in loaded\"><span title=\"Modifi\u00e9\"><br \/>\n<\/span><\/span><\/span><\/strong><\/span><\/p>\n<p style=\"text-align: justify;\"><span style=\"color: #cc1512;\"><strong><span title=\"Modifi\u00e9\"><span id=\"react-root\">Merci \u00e0 l&rsquo;auteure C\u00e9cile Alix et aux \u00e9ditions Magnard de m&rsquo;avoir fait d\u00e9couvrir ce roman. Une histoire certes courte mais tr\u00e8s forte, vraiment \u00e9mouvante, sur le harc\u00e8lement scolaire. Un r\u00e9cit tr\u00e8s bien \u00e9crit (comme d&rsquo;habitude\u00a0!) par C\u00e9cile Alix, avec un style \u00ab\u00a0coup de poing\u00a0\u00bb qui fait r\u00e9fl\u00e9chir. Vous pouvez retrouver un avis d\u00e9taill\u00e9 sur le blog de la librairie <span style=\"text-decoration: underline; color: #ff0000;\"><a style=\"color: #ff0000; text-decoration: underline;\" href=\"https:\/\/www.decitre.fr\/blog\/six-contre-un\">Decitre<\/a><\/span>.<\/span><\/span><\/strong><\/span><span id=\"react-root\"> <\/span><\/p>\n<p><img loading=\"lazy\" class=\"size-full wp-image-268 alignright\" src=\"http:\/\/leslivresdaglae.fr\/wp-content\/uploads\/2016\/11\/livre42.png\" alt=\"\" width=\"127\" height=\"30\" \/><\/p>\n<\/div>\n<\/div>\n","protected":false},"excerpt":{"rendered":"<p>\u00ab\u00a0Je sais bien qu&rsquo;il faut que je ne me laisse pas faire. Je sais bien que tout est de ma faute, que je suis une grosse chiffe molle, un gras du bide, un Big Mac, que si j&rsquo;\u00e9tais normal, je n&rsquo;aurais pas de probl\u00e8mes. \u00ab\u00a0<\/p>\n","protected":false},"author":2,"featured_media":3171,"comment_status":"open","ping_status":"open","sticky":false,"template":"","format":"standard","meta":[],"categories":[14,3,4],"tags":[],"post_mailing_queue_ids":[],"_links":{"self":[{"href":"https:\/\/leslivresdaglae.fr\/index.php\/wp-json\/wp\/v2\/posts\/3170"}],"collection":[{"href":"https:\/\/leslivresdaglae.fr\/index.php\/wp-json\/wp\/v2\/posts"}],"about":[{"href":"https:\/\/leslivresdaglae.fr\/index.php\/wp-json\/wp\/v2\/types\/post"}],"author":[{"embeddable":true,"href":"https:\/\/leslivresdaglae.fr\/index.php\/wp-json\/wp\/v2\/users\/2"}],"replies":[{"embeddable":true,"href":"https:\/\/leslivresdaglae.fr\/index.php\/wp-json\/wp\/v2\/comments?post=3170"}],"version-history":[{"count":7,"href":"https:\/\/leslivresdaglae.fr\/index.php\/wp-json\/wp\/v2\/posts\/3170\/revisions"}],"predecessor-version":[{"id":6985,"href":"https:\/\/leslivresdaglae.fr\/index.php\/wp-json\/wp\/v2\/posts\/3170\/revisions\/6985"}],"wp:featuredmedia":[{"embeddable":true,"href":"https:\/\/leslivresdaglae.fr\/index.php\/wp-json\/wp\/v2\/media\/3171"}],"wp:attachment":[{"href":"https:\/\/leslivresdaglae.fr\/index.php\/wp-json\/wp\/v2\/media?parent=3170"}],"wp:term":[{"taxonomy":"category","embeddable":true,"href":"https:\/\/leslivresdaglae.fr\/index.php\/wp-json\/wp\/v2\/categories?post=3170"},{"taxonomy":"post_tag","embeddable":true,"href":"https:\/\/leslivresdaglae.fr\/index.php\/wp-json\/wp\/v2\/tags?post=3170"}],"curies":[{"name":"wp","href":"https:\/\/api.w.org\/{rel}","templated":true}]}}