{"id":3415,"date":"2018-05-07T20:48:13","date_gmt":"2018-05-07T18:48:13","guid":{"rendered":"http:\/\/leslivresdaglae.fr\/?p=3415"},"modified":"2018-05-09T15:41:30","modified_gmt":"2018-05-09T13:41:30","slug":"harry-potter-a-lecole-des-sorciers","status":"publish","type":"post","link":"https:\/\/leslivresdaglae.fr\/index.php\/2018\/05\/07\/harry-potter-a-lecole-des-sorciers\/","title":{"rendered":"Harry Potter \u00e0 l&rsquo;\u00e9cole des sorciers"},"content":{"rendered":"<div class=\"_ebcx9\">\n<div class=\"_4a48i _277v9\">\n<p><span style=\"color: #008000;\"><em>Auteure <\/em><em>:<\/em><strong><em> J.K. Rowling<br \/>\n<\/em><\/strong><em>Editeur\u00a0:<\/em><strong><em> Folio junior<br \/>\n<\/em><\/strong><em>2007 \/ 319 pages<br \/>\n8.50<\/em><em> \u20ac<\/em><\/span><\/p>\n<p style=\"text-align: justify;\"><img loading=\"lazy\" class=\"wp-image-3416 alignleft\" src=\"http:\/\/leslivresdaglae.fr\/wp-content\/uploads\/2018\/05\/31391101_192171674750982_7983992423967621120_n.jpg\" alt=\"\" width=\"400\" height=\"448\" srcset=\"https:\/\/leslivresdaglae.fr\/wp-content\/uploads\/2018\/05\/31391101_192171674750982_7983992423967621120_n.jpg 1080w, https:\/\/leslivresdaglae.fr\/wp-content\/uploads\/2018\/05\/31391101_192171674750982_7983992423967621120_n-268x300.jpg 268w, https:\/\/leslivresdaglae.fr\/wp-content\/uploads\/2018\/05\/31391101_192171674750982_7983992423967621120_n-768x860.jpg 768w, https:\/\/leslivresdaglae.fr\/wp-content\/uploads\/2018\/05\/31391101_192171674750982_7983992423967621120_n-915x1024.jpg 915w\" sizes=\"(max-width: 400px) 100vw, 400px\" \/><span title=\"Modifi\u00e9\">Le jour de ses onze ans, Harry Potter, un orphelin \u00e9lev\u00e9 par un oncle et une tante qui le d\u00e9testent, voit son existence boulevers\u00e9e. Un g\u00e9ant vient le chercher pour l&#8217;emmener \u00e0 Poudlard, une \u00e9cole de sorcellerie ! Voler en balai, jeter des sorts, combattre les trolls : Harry se r\u00e9v\u00e8le un sorcier dou\u00e9. Mais un myst\u00e8re entoure sa naissance et l&rsquo;effroyable V., le mage dont personne n&rsquo;ose prononcer le nom.<br \/>\n<\/span><\/p>\n<p style=\"text-align: justify;\"><span style=\"color: #3366ff;\"><strong><span title=\"Modifi\u00e9\"><span style=\"text-decoration: underline;\">Mon avis<\/span>\u00a0:<\/span><span class=\"resume-infobull-out\"><span class=\"resume-infobull-in loaded\"><span title=\"Modifi\u00e9\"><br \/>\n<\/span><\/span><\/span><\/strong><\/span><\/p>\n<p style=\"text-align: justify;\"><span style=\"color: #0000ff;\"><strong><span title=\"Modifi\u00e9\"><span style=\"color: #3366ff;\">J&rsquo;avais commenc\u00e9 HARRY POTTER en CE1 mais j&rsquo;avais eu tr\u00e8s peur au tome 2. Ayant fait des cauchemars dessus j&rsquo;ai longtemps h\u00e9sit\u00e9 \u00e0 reprendre cette saga. J&rsquo;ai tout recommenc\u00e9 et maintenant j&rsquo;adore! J&rsquo;ai particuli\u00e8rement aim\u00e9 les \u00e9preuves qui m\u00e8nent \u00e0 la pierre philosophale et l&rsquo;affrontement entre Harry Potter et Lord Voldemort. Autant vous pr\u00e9venir&#8230; vous aurez droit aux tomes suivants!<\/span><br \/>\n<\/span><\/strong><\/span><\/p>\n<p style=\"text-align: justify;\"><strong><span style=\"color: #5abbe8;\"><span title=\"Modifi\u00e9\"><span style=\"color: #8ae6d2;\">\u00a0<\/span><img loading=\"lazy\" class=\"size-full wp-image-268 alignright\" src=\"http:\/\/leslivresdaglae.fr\/wp-content\/uploads\/2016\/11\/livre42.png\" alt=\"\" width=\"127\" height=\"30\" \/><\/span><\/span><\/strong><span id=\"resume-infobull-out3175610\" class=\"resume-infobull-out\"><span id=\"resume-infobull-in3175610\" class=\"resume-infobull-in loaded\"><\/span><\/span><span id=\"resume-infobull-out3175610\" class=\"resume-infobull-out\"><span id=\"resume-infobull-in3175610\" class=\"resume-infobull-in loaded\"><\/span><\/span><\/p>\n<p style=\"text-align: justify;\"><span style=\"color: #d90472;\"><span id=\"resume-infobull-out3175610\" class=\"resume-infobull-out\"><span id=\"resume-infobull-in3175610\" class=\"resume-infobull-in loaded\"><span title=\"Modifi\u00e9\">\u00a0<\/span><\/span><\/span><\/span><\/p>\n<\/div>\n<\/div>\n","protected":false},"excerpt":{"rendered":"<p>Le jour de ses onze ans, Harry Potter, un orphelin \u00e9lev\u00e9 par un oncle et une tante qui le d\u00e9testent, voit son existence boulevers\u00e9e. Un g\u00e9ant vient le chercher pour l&#8217;emmener \u00e0 Poudlard, une \u00e9cole de sorcellerie !<\/p>\n","protected":false},"author":2,"featured_media":0,"comment_status":"open","ping_status":"open","sticky":false,"template":"","format":"standard","meta":[],"categories":[5,14,3],"tags":[],"post_mailing_queue_ids":[],"_links":{"self":[{"href":"https:\/\/leslivresdaglae.fr\/index.php\/wp-json\/wp\/v2\/posts\/3415"}],"collection":[{"href":"https:\/\/leslivresdaglae.fr\/index.php\/wp-json\/wp\/v2\/posts"}],"about":[{"href":"https:\/\/leslivresdaglae.fr\/index.php\/wp-json\/wp\/v2\/types\/post"}],"author":[{"embeddable":true,"href":"https:\/\/leslivresdaglae.fr\/index.php\/wp-json\/wp\/v2\/users\/2"}],"replies":[{"embeddable":true,"href":"https:\/\/leslivresdaglae.fr\/index.php\/wp-json\/wp\/v2\/comments?post=3415"}],"version-history":[{"count":2,"href":"https:\/\/leslivresdaglae.fr\/index.php\/wp-json\/wp\/v2\/posts\/3415\/revisions"}],"predecessor-version":[{"id":3436,"href":"https:\/\/leslivresdaglae.fr\/index.php\/wp-json\/wp\/v2\/posts\/3415\/revisions\/3436"}],"wp:attachment":[{"href":"https:\/\/leslivresdaglae.fr\/index.php\/wp-json\/wp\/v2\/media?parent=3415"}],"wp:term":[{"taxonomy":"category","embeddable":true,"href":"https:\/\/leslivresdaglae.fr\/index.php\/wp-json\/wp\/v2\/categories?post=3415"},{"taxonomy":"post_tag","embeddable":true,"href":"https:\/\/leslivresdaglae.fr\/index.php\/wp-json\/wp\/v2\/tags?post=3415"}],"curies":[{"name":"wp","href":"https:\/\/api.w.org\/{rel}","templated":true}]}}