{"id":3692,"date":"2018-07-11T16:21:50","date_gmt":"2018-07-11T14:21:50","guid":{"rendered":"http:\/\/leslivresdaglae.fr\/?p=3692"},"modified":"2018-07-11T16:25:39","modified_gmt":"2018-07-11T14:25:39","slug":"serafina-et-le-baton-ensorcele","status":"publish","type":"post","link":"https:\/\/leslivresdaglae.fr\/index.php\/2018\/07\/11\/serafina-et-le-baton-ensorcele\/","title":{"rendered":"Serafina et le b\u00e2ton ensorcel\u00e9"},"content":{"rendered":"<div class=\"_ebcx9\">\n<div class=\"_4a48i _277v9\">\n<p><span style=\"color: #1d8f1d;\"><em>Auteur <\/em><em>:<\/em><strong><em> Robert Beatty<br \/>\n<\/em><\/strong><em>Editeur<\/em> <em>:<\/em><strong><em> Bayard jeunesse<\/em><\/strong><strong><em><br \/>\n<\/em><\/strong><em>2018 \/ 544 pages<br \/>\n15.90<\/em><em> \u20ac<\/em><\/span><strong><em><br \/>\n<\/em><\/strong><\/p>\n<p><span title=\"Modifi\u00e9\"><img loading=\"lazy\" class=\"wp-image-3693 alignleft\" src=\"http:\/\/leslivresdaglae.fr\/wp-content\/uploads\/2018\/07\/36136108_215636915742686_8023251981285982208_n_002.jpg\" alt=\"\" width=\"400\" height=\"498\" srcset=\"https:\/\/leslivresdaglae.fr\/wp-content\/uploads\/2018\/07\/36136108_215636915742686_8023251981285982208_n_002.jpg 1080w, https:\/\/leslivresdaglae.fr\/wp-content\/uploads\/2018\/07\/36136108_215636915742686_8023251981285982208_n_002-241x300.jpg 241w, https:\/\/leslivresdaglae.fr\/wp-content\/uploads\/2018\/07\/36136108_215636915742686_8023251981285982208_n_002-768x956.jpg 768w, https:\/\/leslivresdaglae.fr\/wp-content\/uploads\/2018\/07\/36136108_215636915742686_8023251981285982208_n_002-823x1024.jpg 823w\" sizes=\"(max-width: 400px) 100vw, 400px\" \/><\/span><\/p>\n<p style=\"text-align: justify;\"><span title=\"Modifi\u00e9\">Depuis qu&rsquo;elle a sauv\u00e9 Biltmore de l&rsquo;homme a la cape noire, Serafina n&rsquo;est plus oblig\u00e9e de se cacher dans les sous-sols du manoir. Elle peut se m\u00ealer aux riches habitants de la demeure et passer du temps avec son ami Braeden. Une nuit, alors que Serafina rend visite \u00e0 sa m\u00e8re dans la for\u00eat, elle voit surgir une cal\u00e8che sans conducteur tir\u00e9e par des chevaux. Bient\u00f4t, un homme muni d&rsquo;un \u00e9trange b\u00e2ton en sort, accompagn\u00e9 d&rsquo;une meute de chiens sanguinaires.<br \/>\nSerafina est convaincue que l&rsquo;\u00e9tranger n&rsquo;\u00e9tait pas seul dans la cal\u00e8che et qu&rsquo;il a envoy\u00e9 son complice \u00e0 Biltmore&#8230;<br \/>\n<\/span><\/p>\n<p style=\"text-align: justify;\"><span style=\"color: #5a7cdb;\" title=\"Modifi\u00e9\"><span style=\"text-decoration: underline;\"><strong>Mon avis<\/strong><\/span>\u00a0:<\/span><\/p>\n<p style=\"text-align: justify;\"><span style=\"color: #5a7cdb;\"><span title=\"Modifi\u00e9\"><strong>Au d\u00e9part je ne savais pas qu&rsquo;il y aurait un deuxi\u00e8me tome et j&rsquo;ai \u00e9t\u00e9 agr\u00e9ablement surprise. J&rsquo;ai autant aim\u00e9 ce tome que le pr\u00e9c\u00e9dent, SERAFINA ET LA CAPE NOIRE. Je trouve que l&rsquo;auteur a beaucoup d&rsquo;imagination pour les retournements de situation.<\/strong><br \/>\n<strong>J&rsquo;ai appr\u00e9ci\u00e9 les r\u00e9actions de Serafina face \u00e0 la diff\u00e9rence ainsi que le myst\u00e8re dans toute l&rsquo;histoire. Vivement le num\u00e9ro 3!!!<\/strong> <\/span><\/span><\/p>\n<p><span style=\"color: #b52626;\"><span title=\"Modifi\u00e9\">\u00a0<img loading=\"lazy\" class=\"size-full wp-image-268 alignright\" src=\"http:\/\/leslivresdaglae.fr\/wp-content\/uploads\/2016\/11\/livre42.png\" alt=\"\" width=\"127\" height=\"30\" \/><\/span><\/span><\/p>\n<\/div>\n<\/div>\n","protected":false},"excerpt":{"rendered":"<p>Depuis qu&rsquo;elle a sauv\u00e9 Biltmore de l&rsquo;homme a la cape noire, Serafina n&rsquo;est plus oblig\u00e9e de se cacher dans les sous-sols du manoir. <\/p>\n","protected":false},"author":2,"featured_media":0,"comment_status":"open","ping_status":"open","sticky":false,"template":"","format":"standard","meta":[],"categories":[5,14,3],"tags":[],"post_mailing_queue_ids":[],"_links":{"self":[{"href":"https:\/\/leslivresdaglae.fr\/index.php\/wp-json\/wp\/v2\/posts\/3692"}],"collection":[{"href":"https:\/\/leslivresdaglae.fr\/index.php\/wp-json\/wp\/v2\/posts"}],"about":[{"href":"https:\/\/leslivresdaglae.fr\/index.php\/wp-json\/wp\/v2\/types\/post"}],"author":[{"embeddable":true,"href":"https:\/\/leslivresdaglae.fr\/index.php\/wp-json\/wp\/v2\/users\/2"}],"replies":[{"embeddable":true,"href":"https:\/\/leslivresdaglae.fr\/index.php\/wp-json\/wp\/v2\/comments?post=3692"}],"version-history":[{"count":3,"href":"https:\/\/leslivresdaglae.fr\/index.php\/wp-json\/wp\/v2\/posts\/3692\/revisions"}],"predecessor-version":[{"id":3696,"href":"https:\/\/leslivresdaglae.fr\/index.php\/wp-json\/wp\/v2\/posts\/3692\/revisions\/3696"}],"wp:attachment":[{"href":"https:\/\/leslivresdaglae.fr\/index.php\/wp-json\/wp\/v2\/media?parent=3692"}],"wp:term":[{"taxonomy":"category","embeddable":true,"href":"https:\/\/leslivresdaglae.fr\/index.php\/wp-json\/wp\/v2\/categories?post=3692"},{"taxonomy":"post_tag","embeddable":true,"href":"https:\/\/leslivresdaglae.fr\/index.php\/wp-json\/wp\/v2\/tags?post=3692"}],"curies":[{"name":"wp","href":"https:\/\/api.w.org\/{rel}","templated":true}]}}