{"id":3738,"date":"2018-07-22T17:38:48","date_gmt":"2018-07-22T15:38:48","guid":{"rendered":"http:\/\/leslivresdaglae.fr\/?p=3738"},"modified":"2020-12-15T20:52:08","modified_gmt":"2020-12-15T19:52:08","slug":"la-tete-dans-les-etoiles","status":"publish","type":"post","link":"https:\/\/leslivresdaglae.fr\/index.php\/2018\/07\/22\/la-tete-dans-les-etoiles\/","title":{"rendered":"La t\u00eate dans les \u00e9toiles"},"content":{"rendered":"<p style=\"text-align: center;\">\n<p style=\"text-align: center;\"><span title=\"Modifi\u00e9\">La t\u00eate dans les \u00e9toiles<br \/>\nEt les pieds sur la lune<br \/>\nMoi je prends les voiles<br \/>\nEt me d\u00e9fie des dunes<\/span><\/p>\n<p style=\"text-align: center;\">Temp\u00eate d\u00e9cha\u00een\u00e9e<br \/>\nOrage arriv\u00e9<br \/>\nMoi je m&rsquo;en vais<br \/>\nEt \u00e0 jamais<\/p>\n<p style=\"text-align: center;\"><span title=\"Modifi\u00e9\">Lumi\u00e8re \u00e9clatante<br \/>\nLune \u00e9blouissante<br \/>\nFinalement je reste<br \/>\nSous le regard c\u00e9leste<\/span><\/p>\n<p style=\"text-align: right;\">\u00a0\u00a0\u00a0\u00a0<span style=\"color: #bc7272;\"><strong>Agla\u00e9 M. (11 ans \/ juillet 2018)<\/strong><\/span><\/p>\n","protected":false},"excerpt":{"rendered":"<p>La t\u00eate dans les \u00e9toiles<br \/>\nEt les pieds sur la lune<br \/>\nMoi je prends les voiles<br \/>\nEt me d\u00e9fie des dunes<\/p>\n","protected":false},"author":2,"featured_media":3739,"comment_status":"open","ping_status":"open","sticky":false,"template":"","format":"standard","meta":[],"categories":[41],"tags":[25],"post_mailing_queue_ids":[],"_links":{"self":[{"href":"https:\/\/leslivresdaglae.fr\/index.php\/wp-json\/wp\/v2\/posts\/3738"}],"collection":[{"href":"https:\/\/leslivresdaglae.fr\/index.php\/wp-json\/wp\/v2\/posts"}],"about":[{"href":"https:\/\/leslivresdaglae.fr\/index.php\/wp-json\/wp\/v2\/types\/post"}],"author":[{"embeddable":true,"href":"https:\/\/leslivresdaglae.fr\/index.php\/wp-json\/wp\/v2\/users\/2"}],"replies":[{"embeddable":true,"href":"https:\/\/leslivresdaglae.fr\/index.php\/wp-json\/wp\/v2\/comments?post=3738"}],"version-history":[{"count":6,"href":"https:\/\/leslivresdaglae.fr\/index.php\/wp-json\/wp\/v2\/posts\/3738\/revisions"}],"predecessor-version":[{"id":7930,"href":"https:\/\/leslivresdaglae.fr\/index.php\/wp-json\/wp\/v2\/posts\/3738\/revisions\/7930"}],"wp:featuredmedia":[{"embeddable":true,"href":"https:\/\/leslivresdaglae.fr\/index.php\/wp-json\/wp\/v2\/media\/3739"}],"wp:attachment":[{"href":"https:\/\/leslivresdaglae.fr\/index.php\/wp-json\/wp\/v2\/media?parent=3738"}],"wp:term":[{"taxonomy":"category","embeddable":true,"href":"https:\/\/leslivresdaglae.fr\/index.php\/wp-json\/wp\/v2\/categories?post=3738"},{"taxonomy":"post_tag","embeddable":true,"href":"https:\/\/leslivresdaglae.fr\/index.php\/wp-json\/wp\/v2\/tags?post=3738"}],"curies":[{"name":"wp","href":"https:\/\/api.w.org\/{rel}","templated":true}]}}