{"id":4644,"date":"2019-01-25T18:48:27","date_gmt":"2019-01-25T17:48:27","guid":{"rendered":"http:\/\/leslivresdaglae.fr\/?p=4644"},"modified":"2019-01-25T20:38:53","modified_gmt":"2019-01-25T19:38:53","slug":"cavalier-du-dragon-2-la-plume-du-griffon","status":"publish","type":"post","link":"https:\/\/leslivresdaglae.fr\/index.php\/2019\/01\/25\/cavalier-du-dragon-2-la-plume-du-griffon\/","title":{"rendered":"Cavalier du dragon &#8211; 2. La plume du griffon"},"content":{"rendered":"<p><span style=\"color: #c92254;\"><span style=\"color: #ff6600;\"><em>Auteure\u00a0:<\/em><strong><em> Cornelia Funke<\/em><\/strong><\/span><br \/>\n<span style=\"color: #ff6600;\"><em><span style=\"text-decoration: underline;\">Editeur<\/span><\/em> <em>:<\/em><strong><em> Gallimard Jeunesse<br \/>\n<\/em><\/strong><em>2018 \/ 425 p.<\/em><em><br \/>\n<\/em><em>15.90 \u20ac<\/em><\/span><strong><em><br \/>\n<\/em><\/strong><\/span><\/p>\n<p><img loading=\"lazy\" class=\"wp-image-4648 alignleft\" src=\"http:\/\/leslivresdaglae.fr\/wp-content\/uploads\/2019\/01\/50124758_1130194653807256_1996285745863736165_n-917x1024.jpg\" alt=\"\" width=\"400\" height=\"446\" srcset=\"https:\/\/leslivresdaglae.fr\/wp-content\/uploads\/2019\/01\/50124758_1130194653807256_1996285745863736165_n-917x1024.jpg 917w, https:\/\/leslivresdaglae.fr\/wp-content\/uploads\/2019\/01\/50124758_1130194653807256_1996285745863736165_n-269x300.jpg 269w, https:\/\/leslivresdaglae.fr\/wp-content\/uploads\/2019\/01\/50124758_1130194653807256_1996285745863736165_n-768x858.jpg 768w, https:\/\/leslivresdaglae.fr\/wp-content\/uploads\/2019\/01\/50124758_1130194653807256_1996285745863736165_n.jpg 1080w\" sizes=\"(max-width: 400px) 100vw, 400px\" \/><\/p>\n<p style=\"text-align: justify;\">Il faut sauver les trois derniers poulains ail\u00e9s ! Ben et son dragon ont dix jours pour prot\u00e9ger une esp\u00e8ce en danger. \u00ab\u00a0J&rsquo;ai pass\u00e9 des ann\u00e9es \u00e0 rechercher des p\u00e9gases, avec la peur qu&rsquo;ils aient disparu, comme tant d&rsquo;autres esp\u00e8ces insolites. Et maintenant, je devrais baisser les bras ? Impossible ! Je n&rsquo;assisterai pas sans rien faire \u00e0 la disparition de ces cr\u00e9atures porte-bonheur ! M\u00eame si je dois faire appel \u00e0 un \u00eatre fabuleux, aussi fier que cruel : un griffon.\u00a0\u00bb<\/p>\n<p style=\"text-align: justify;\"><span style=\"color: #008000;\"><strong><span style=\"text-decoration: underline;\">Mon avis<\/span>:<\/strong> <\/span><\/p>\n<p style=\"text-align: justify;\"><span style=\"color: #3e6dad;\"><strong><span style=\"color: #008000;\">D\u00e9couvrir la suite de cette s\u00e9rie m&rsquo;a plu. La recherche de la plume de griffon pour sauver les \u0153ufs de p\u00e9gase \u00e9tait int\u00e9ressante! J&rsquo;ai trouv\u00e9 certains passages un peu longuets mais dans l&rsquo;ensemble le roman \u00e9tait plut\u00f4t bien. <\/span><\/strong><\/span><\/p>\n<p style=\"text-align: justify;\"><span style=\"color: #3e6dad;\"><strong><span style=\"color: #008000;\">Le r\u00e8gne de Kraa est assez terrible mais dans ce tome, on rencontre plein d&rsquo;autres personnages qui sont tr\u00e8s attachants: on ne croise pas que des terribles!!! <\/span><\/strong><\/span><\/p>\n<p style=\"text-align: justify;\"><span style=\"color: #3e6dad;\"><strong><span style=\"color: #008000;\">Les animaux fantastiques sont bien imagin\u00e9s aussi. Dans ce tome, les Dupr\u00e9 ont m\u00eame ouvert un recueil pour animaux extraordinaires et les cr\u00e9atures que l&rsquo;on peut y rencontrer sont toutes plus magiques les unes que les autres. L&rsquo;id\u00e9e de d\u00e9fendre tous les animaux m&rsquo;a vraiment s\u00e9duite. <\/span><\/strong><\/span><\/p>\n","protected":false},"excerpt":{"rendered":"<p>Il faut sauver les trois derniers poulains ail\u00e9s ! Ben et son dragon ont dix jours pour prot\u00e9ger une esp\u00e8ce en danger. <\/p>\n","protected":false},"author":2,"featured_media":0,"comment_status":"open","ping_status":"open","sticky":false,"template":"","format":"standard","meta":[],"categories":[5,12,3],"tags":[],"post_mailing_queue_ids":[],"_links":{"self":[{"href":"https:\/\/leslivresdaglae.fr\/index.php\/wp-json\/wp\/v2\/posts\/4644"}],"collection":[{"href":"https:\/\/leslivresdaglae.fr\/index.php\/wp-json\/wp\/v2\/posts"}],"about":[{"href":"https:\/\/leslivresdaglae.fr\/index.php\/wp-json\/wp\/v2\/types\/post"}],"author":[{"embeddable":true,"href":"https:\/\/leslivresdaglae.fr\/index.php\/wp-json\/wp\/v2\/users\/2"}],"replies":[{"embeddable":true,"href":"https:\/\/leslivresdaglae.fr\/index.php\/wp-json\/wp\/v2\/comments?post=4644"}],"version-history":[{"count":4,"href":"https:\/\/leslivresdaglae.fr\/index.php\/wp-json\/wp\/v2\/posts\/4644\/revisions"}],"predecessor-version":[{"id":4650,"href":"https:\/\/leslivresdaglae.fr\/index.php\/wp-json\/wp\/v2\/posts\/4644\/revisions\/4650"}],"wp:attachment":[{"href":"https:\/\/leslivresdaglae.fr\/index.php\/wp-json\/wp\/v2\/media?parent=4644"}],"wp:term":[{"taxonomy":"category","embeddable":true,"href":"https:\/\/leslivresdaglae.fr\/index.php\/wp-json\/wp\/v2\/categories?post=4644"},{"taxonomy":"post_tag","embeddable":true,"href":"https:\/\/leslivresdaglae.fr\/index.php\/wp-json\/wp\/v2\/tags?post=4644"}],"curies":[{"name":"wp","href":"https:\/\/api.w.org\/{rel}","templated":true}]}}