{"id":4699,"date":"2019-02-06T13:42:52","date_gmt":"2019-02-06T12:42:52","guid":{"rendered":"http:\/\/leslivresdaglae.fr\/?p=4699"},"modified":"2019-02-06T15:41:31","modified_gmt":"2019-02-06T14:41:31","slug":"le-cycle-de-syffe-1-lenfant-de-poussiere","status":"publish","type":"post","link":"https:\/\/leslivresdaglae.fr\/index.php\/2019\/02\/06\/le-cycle-de-syffe-1-lenfant-de-poussiere\/","title":{"rendered":"Le cycle de Syffe &#8211; 1. L&rsquo;enfant de poussi\u00e8re"},"content":{"rendered":"<div class=\"_ebcx9\">\n<div class=\"_4a48i _277v9\">\n<p><span style=\"color: #ab7415;\">Auteur <em>:<\/em><strong><em> Patrick K Dewdney<\/em><\/strong><\/span><span style=\"color: #ab7415;\"><strong><em><br \/>\n<\/em><\/strong><em>Editeur\u00a0:<\/em><strong><em> Au Diable Vauvert<br \/>\n<\/em><\/strong><\/span><span style=\"color: #ab7415;\"><em>2018 \/ 624 pages<br \/>\n23.00<\/em><em> \u20ac<\/em><\/span><\/p>\n<p style=\"text-align: justify;\"><span title=\"Modifi\u00e9\"><img loading=\"lazy\" class=\"wp-image-4708 alignleft\" src=\"http:\/\/leslivresdaglae.fr\/wp-content\/uploads\/2019\/02\/50626711_775791076114454_6121768405299066278_n-819x1024.jpg\" alt=\"\" width=\"400\" height=\"500\" srcset=\"https:\/\/leslivresdaglae.fr\/wp-content\/uploads\/2019\/02\/50626711_775791076114454_6121768405299066278_n-819x1024.jpg 819w, https:\/\/leslivresdaglae.fr\/wp-content\/uploads\/2019\/02\/50626711_775791076114454_6121768405299066278_n-240x300.jpg 240w, https:\/\/leslivresdaglae.fr\/wp-content\/uploads\/2019\/02\/50626711_775791076114454_6121768405299066278_n-768x960.jpg 768w, https:\/\/leslivresdaglae.fr\/wp-content\/uploads\/2019\/02\/50626711_775791076114454_6121768405299066278_n.jpg 1080w\" sizes=\"(max-width: 400px) 100vw, 400px\" \/>La mort du roi et l&rsquo;\u00e9clatement politique qui s&rsquo;ensuit plongent les primaut\u00e9s de Brune dans le chaos. Orphelin des rues qui ignore tout de ses origines, Syffe grandit \u00e0 Corne-Brune, une ville isol\u00e9e sur la fronti\u00e8re sauvage. L\u00e0, il survit librement de rapines et de corv\u00e9es, jusqu&rsquo;au jour o\u00f9 il est contraint d&rsquo;entrer au service du seigneur local. Tour \u00e0 tour serviteur, espion, apprenti d&rsquo;un ma\u00eetre-chirurgien, son existence bascule lorsqu&rsquo;il se voit accus\u00e9 d&rsquo;un meurtre.<br \/>\nEn fuite, il \u00e9pouse le destin rude d&rsquo;un enfant-soldat.\u00a0<\/span><span title=\"Modifi\u00e9\"><br \/>\n<\/span><\/p>\n<p style=\"text-align: justify;\"><span style=\"color: #9e3609;\"><strong><span title=\"Modifi\u00e9\"><span style=\"text-decoration: underline;\">Mon avis<\/span>\u00a0:<\/span><\/strong><\/span><\/p>\n<\/div>\n<div class=\"_4a48i _277v9\">\n<p style=\"text-align: justify;\"><span style=\"color: #9e3609;\"><strong><span title=\"Modifi\u00e9\">C&rsquo;est un (gros!!!) roman que j&rsquo;ai rapport\u00e9 du SLPJ de Montreuil. Je ne connaissais pas du tout l&rsquo;auteur mais j&rsquo;ai \u00e9t\u00e9 attir\u00e9e par ce livre car il a obtenu la P\u00e9pite du roman 2018! Et ce livre est vraiment g\u00e9nial!!! <\/span><\/strong><\/span><\/p>\n<p style=\"text-align: justify;\"><span style=\"color: #9e3609;\"><strong><span title=\"Modifi\u00e9\">Il y a beaucoup d&rsquo;aventure mais aussi \u00e9norm\u00e9ment de descriptions car <\/span><span title=\"Modifi\u00e9\">Patrick K. Dewdney<\/span><\/strong> <strong><span title=\"Modifi\u00e9\">a imagin\u00e9 un monde tr\u00e8s riche, autant niveau religions et croyances que politique, ainsi que pour la faune et la flore (animaux ou fleurs inconnues). L&rsquo;auteur nous transporte dans diff\u00e9rentes r\u00e9gions, chacune avec ses propres peuples, ses propres croyances et diverses coutumes.\u00a0<\/span><\/strong><\/span><\/p>\n<p style=\"text-align: justify;\"><span style=\"color: #9e3609;\"><strong><span title=\"Modifi\u00e9\">J&rsquo;ai beaucoup aim\u00e9 les personnages, surtout le h\u00e9ros Syffe. Son \u00e9volution tout au long du livre est tr\u00e8s progressives et je trouve que l&rsquo;on assiste \u00e0 sa transformation tout en apprenant avec lui&#8230; Lorsqu&rsquo;un personnage meurt, c&rsquo;est dur de se r\u00e9soudre \u00e0 s&rsquo;en s\u00e9parer, surtout lorsqu&rsquo;il est proche de Syffe.<\/span><\/strong><\/span><\/p>\n<p style=\"text-align: justify;\"><span style=\"color: #9e3609;\"><strong><span title=\"Modifi\u00e9\">La plume de l&rsquo;auteur est tr\u00e8s belle et j&rsquo;ai imm\u00e9diatement accroch\u00e9, \u00e0 tout, au rythme comme \u00e0 l&rsquo;histoire, \u00e0 l&rsquo;\u00e9criture, mais surtout, au monde \u00e9voqu\u00e9. <\/span><\/strong><strong><span title=\"Modifi\u00e9\">Le d\u00e9but ne laisse absolument pas pr\u00e9sager une suite comme celle racont\u00e9e, et c&rsquo;est avec grand plaisir que l&rsquo;on passe de surprise en surprise&#8230; <\/span><\/strong><\/span><\/p>\n<p style=\"text-align: justify;\"><span style=\"color: #9e3609;\"><strong><span title=\"Modifi\u00e9\">Il y a juste la fin sur laquelle j&rsquo;aurais un truc \u00e0 redire: \u00e7a va trop vite et surtout, on est totalement perdu&#8230; Mais il y aura une suite (7 tomes pr\u00e9vus en tout pour la saga normalement)!<\/span><\/strong><\/span><\/p>\n<p style=\"text-align: justify;\"><span title=\"Modifi\u00e9\"><img loading=\"lazy\" class=\"size-full wp-image-268 alignright\" src=\"http:\/\/leslivresdaglae.fr\/wp-content\/uploads\/2016\/11\/livre42.png\" alt=\"\" width=\"127\" height=\"30\" \/><\/span><\/p>\n<\/div>\n<\/div>\n","protected":false},"excerpt":{"rendered":"<p>La mort du roi et l&rsquo;\u00e9clatement politique qui s&rsquo;ensuit plongent les primaut\u00e9s de Brune dans le chaos.<\/p>\n","protected":false},"author":2,"featured_media":0,"comment_status":"open","ping_status":"open","sticky":false,"template":"","format":"standard","meta":[],"categories":[5,14,3],"tags":[],"post_mailing_queue_ids":[],"_links":{"self":[{"href":"https:\/\/leslivresdaglae.fr\/index.php\/wp-json\/wp\/v2\/posts\/4699"}],"collection":[{"href":"https:\/\/leslivresdaglae.fr\/index.php\/wp-json\/wp\/v2\/posts"}],"about":[{"href":"https:\/\/leslivresdaglae.fr\/index.php\/wp-json\/wp\/v2\/types\/post"}],"author":[{"embeddable":true,"href":"https:\/\/leslivresdaglae.fr\/index.php\/wp-json\/wp\/v2\/users\/2"}],"replies":[{"embeddable":true,"href":"https:\/\/leslivresdaglae.fr\/index.php\/wp-json\/wp\/v2\/comments?post=4699"}],"version-history":[{"count":8,"href":"https:\/\/leslivresdaglae.fr\/index.php\/wp-json\/wp\/v2\/posts\/4699\/revisions"}],"predecessor-version":[{"id":4709,"href":"https:\/\/leslivresdaglae.fr\/index.php\/wp-json\/wp\/v2\/posts\/4699\/revisions\/4709"}],"wp:attachment":[{"href":"https:\/\/leslivresdaglae.fr\/index.php\/wp-json\/wp\/v2\/media?parent=4699"}],"wp:term":[{"taxonomy":"category","embeddable":true,"href":"https:\/\/leslivresdaglae.fr\/index.php\/wp-json\/wp\/v2\/categories?post=4699"},{"taxonomy":"post_tag","embeddable":true,"href":"https:\/\/leslivresdaglae.fr\/index.php\/wp-json\/wp\/v2\/tags?post=4699"}],"curies":[{"name":"wp","href":"https:\/\/api.w.org\/{rel}","templated":true}]}}