{"id":4719,"date":"2019-02-10T14:12:26","date_gmt":"2019-02-10T13:12:26","guid":{"rendered":"http:\/\/leslivresdaglae.fr\/?p=4719"},"modified":"2019-02-13T16:49:09","modified_gmt":"2019-02-13T15:49:09","slug":"les-extraordinaires-3-larmee-des-spectres","status":"publish","type":"post","link":"https:\/\/leslivresdaglae.fr\/index.php\/2019\/02\/10\/les-extraordinaires-3-larmee-des-spectres\/","title":{"rendered":"Les Extraordinaires &#8211; 3. L&rsquo;arm\u00e9e des spectres"},"content":{"rendered":"<div class=\"_ebcx9\">\n<div class=\"_4a48i _277v9\">\n<p><span style=\"color: #ad4117;\"><em>Auteure <\/em><em>:<\/em><strong><em> Jennifer Bell<br \/>\n<\/em><\/strong><em>Editeur\u00a0:<\/em><strong><em> Albin Michel (Collection Wiz)<br \/>\n<\/em><\/strong><em>2019 \/ 316 pages<br \/>\n15.50<\/em><em> \u20ac<\/em><\/span><\/p>\n<p style=\"text-align: justify;\"><span title=\"Modifi\u00e9\"><img loading=\"lazy\" class=\"wp-image-4723 alignleft\" src=\"http:\/\/leslivresdaglae.fr\/wp-content\/uploads\/2019\/02\/50725390_131401491240814_4639812001266674622_n_002.jpg\" alt=\"\" width=\"400\" height=\"400\" srcset=\"https:\/\/leslivresdaglae.fr\/wp-content\/uploads\/2019\/02\/50725390_131401491240814_4639812001266674622_n_002.jpg 640w, https:\/\/leslivresdaglae.fr\/wp-content\/uploads\/2019\/02\/50725390_131401491240814_4639812001266674622_n_002-150x150.jpg 150w, https:\/\/leslivresdaglae.fr\/wp-content\/uploads\/2019\/02\/50725390_131401491240814_4639812001266674622_n_002-300x300.jpg 300w\" sizes=\"(max-width: 400px) 100vw, 400px\" \/>Apr\u00e8s avoir affront\u00e9 la Morm\u00f4 dans les ruelles de Londinor, Ivy et son fr\u00e8re Seb ont promis \u00e0 Valian de l&rsquo;aider \u00e0 retrouver sa soeur disparue, Rosie. Surprise ! Ce n&rsquo;est pas \u00e0 Londinor que les trois amis vont la chercher, mais \u00e0 Nubrook, le bazar d&rsquo;objets magiques le plus incroyable du monde. Cach\u00e9 sous la ville de New York, ce march\u00e9 extraordinaire se d\u00e9ploie sur plus de cinquante \u00e9tages, tous \u00e9clair\u00e9s de n\u00e9ons et de lumi\u00e8res magiques.<br \/>\nC&rsquo;est dans ce d\u00e9dale que le trio va devoir trouver Rosie. Prudence ! Ils ne sont pas les seuls \u00e0 la chercher. La Morm\u00f4 est sur ses traces, et ses membres ne reculeront devant rien.\u00a0<\/span><\/p>\n<p style=\"text-align: justify;\"><span style=\"color: #d44b1e;\"><strong><span title=\"Modifi\u00e9\"><span style=\"text-decoration: underline;\">Mon avis<\/span> <\/span><\/strong><strong><span title=\"Modifi\u00e9\">: <\/span><\/strong><\/span><\/p>\n<p style=\"text-align: justify;\"><span style=\"color: #d44b1e;\"><strong><span title=\"Modifi\u00e9\">Une fois de plus j&rsquo;ai beaucoup aim\u00e9 ce tome 3. La s\u00e9rie est vraiment super!!! J&rsquo;ai aim\u00e9 retrouver Ivy et Seb, les h\u00e9ros auxquels je me suis attach\u00e9e. <\/span><\/strong><\/span><\/p>\n<p style=\"text-align: justify;\"><span style=\"color: #d44b1e;\"><strong><span title=\"Modifi\u00e9\">Ce tome contient de tr\u00e8s nombreuses r\u00e9v\u00e9lations et je me demande si ce n&rsquo;est malheureusement pas le dernier de la s\u00e9rie&#8230;<\/span><\/strong><\/span><\/p>\n<p style=\"text-align: justify;\"><span style=\"color: #d44b1e;\"><strong><span title=\"Modifi\u00e9\"> Comme dans les tomes pr\u00e9c\u00e9dents j&rsquo;ai ador\u00e9 le march\u00e9 des objets extraordinaires, ici sous la ville de New York. <\/span><\/strong><\/span><\/p>\n<p style=\"text-align: justify;\"><span style=\"color: #d44b1e;\"><strong><span title=\"Modifi\u00e9\">Les couvertures de cette saga sont superbes et font d\u00e9j\u00e0 r\u00eaver avant m\u00eame d&rsquo;ouvrir le roman!<\/span><\/strong><\/span><\/p>\n<p style=\"text-align: justify;\"><span style=\"color: #d90472;\"><span id=\"resume-infobull-out3175610\" class=\"resume-infobull-out\"><span id=\"resume-infobull-in3175610\" class=\"resume-infobull-in loaded\"><span title=\"Modifi\u00e9\">\u00a0<img loading=\"lazy\" class=\"size-full wp-image-268 alignright\" src=\"http:\/\/leslivresdaglae.fr\/wp-content\/uploads\/2016\/11\/livre42.png\" alt=\"\" width=\"127\" height=\"30\" \/><\/span><\/span><\/span><\/span><\/p>\n<\/div>\n<\/div>\n","protected":false},"excerpt":{"rendered":"<p>Apr\u00e8s avoir affront\u00e9 la Morm\u00f4 dans les ruelles de Londinor, Ivy et son fr\u00e8re Seb ont promis \u00e0 Valian de l&rsquo;aider \u00e0 retrouver sa soeur disparue, Rosie.<\/p>\n","protected":false},"author":2,"featured_media":0,"comment_status":"open","ping_status":"open","sticky":false,"template":"","format":"standard","meta":[],"categories":[5,14,3],"tags":[],"post_mailing_queue_ids":[],"_links":{"self":[{"href":"https:\/\/leslivresdaglae.fr\/index.php\/wp-json\/wp\/v2\/posts\/4719"}],"collection":[{"href":"https:\/\/leslivresdaglae.fr\/index.php\/wp-json\/wp\/v2\/posts"}],"about":[{"href":"https:\/\/leslivresdaglae.fr\/index.php\/wp-json\/wp\/v2\/types\/post"}],"author":[{"embeddable":true,"href":"https:\/\/leslivresdaglae.fr\/index.php\/wp-json\/wp\/v2\/users\/2"}],"replies":[{"embeddable":true,"href":"https:\/\/leslivresdaglae.fr\/index.php\/wp-json\/wp\/v2\/comments?post=4719"}],"version-history":[{"count":7,"href":"https:\/\/leslivresdaglae.fr\/index.php\/wp-json\/wp\/v2\/posts\/4719\/revisions"}],"predecessor-version":[{"id":4727,"href":"https:\/\/leslivresdaglae.fr\/index.php\/wp-json\/wp\/v2\/posts\/4719\/revisions\/4727"}],"wp:attachment":[{"href":"https:\/\/leslivresdaglae.fr\/index.php\/wp-json\/wp\/v2\/media?parent=4719"}],"wp:term":[{"taxonomy":"category","embeddable":true,"href":"https:\/\/leslivresdaglae.fr\/index.php\/wp-json\/wp\/v2\/categories?post=4719"},{"taxonomy":"post_tag","embeddable":true,"href":"https:\/\/leslivresdaglae.fr\/index.php\/wp-json\/wp\/v2\/tags?post=4719"}],"curies":[{"name":"wp","href":"https:\/\/api.w.org\/{rel}","templated":true}]}}