{"id":5753,"date":"2019-08-25T19:19:18","date_gmt":"2019-08-25T17:19:18","guid":{"rendered":"http:\/\/leslivresdaglae.fr\/?p=5753"},"modified":"2020-03-07T17:29:09","modified_gmt":"2020-03-07T16:29:09","slug":"lexplorateur","status":"publish","type":"post","link":"https:\/\/leslivresdaglae.fr\/index.php\/2019\/08\/25\/lexplorateur\/","title":{"rendered":"L&rsquo;explorateur"},"content":{"rendered":"\n<p><\/p>\n\n\n<div class=\"_ebcx9\">\n<div class=\"_4a48i _277v9\">\n<p><span style=\"color: #451fcf;\"><span style=\"color: #008000;\"><em>Autrice <\/em><em>:<\/em><strong><em> Katherine Rundell<br \/><\/em><\/strong><em>Editeur\u00a0:<\/em><strong><em> Gallimard jeunesse<br \/><\/em><\/strong><em>2019 \/ 371 pages<br \/>16 <\/em><\/span><em><span style=\"color: #008000;\">\u20ac <\/span><br \/><\/em><\/span><\/p>\n<p style=\"text-align: justify;\"><span title=\"Modifi\u00e9\">Depuis son si\u00e8ge \u00e0 bord d&rsquo;un petit avion, Fred observe la myst\u00e9rieuse for\u00eat amazonienne s&rsquo;\u00e9tendre \u00e0 perte de vue. Il r\u00eave de devenir explorateur, de voir son nom figurer parmi ceux des grands aventuriers. Quand l&rsquo;avion percute la cime des arbres, Fred se retrouve seul, au coeur de la jungle immense et sauvage, avec trois autres enfants, Connie, Max et Lila. Quelles sont leurs chances de survie si personne n&rsquo;est \u00e0 leur recherche ? Ils ont pourtant le sentiment d&rsquo;une pr\u00e9sence.<br \/>Quelqu&rsquo;un \u00e9tait-il l\u00e0 avant eux ?<\/span><\/p>\n<p style=\"text-align: justify;\"><span style=\"color: #ff0000;\"><strong><span title=\"Modifi\u00e9\"><span style=\"text-decoration: underline;\">Mon avis<\/span>\u00a0:<\/span><\/strong><\/span><\/p>\n<\/div>\n<div class=\"_4a48i _277v9\">\n<p style=\"text-align: justify;\"><span style=\"color: #ff0000;\"><strong><span title=\"Modifi\u00e9\">Ce roman m&rsquo;a bien plu! <\/span><\/strong><strong><span title=\"Modifi\u00e9\">J&rsquo;ai ador\u00e9 le th\u00e8me de l&rsquo;histoire: quatre enfants qui se retrouvent seuls dans la jungle, et doivent survivre dans cet environnement hostile. <\/span><\/strong><\/span><span style=\"color: #ff9900;\"><strong><span title=\"Modifi\u00e9\"><span style=\"color: #ff6600;\"><span style=\"color: #ff0000;\">Seul petit b\u00e9mol\u00a0: je trouve qu&rsquo;ils parviennent<\/span> <span style=\"color: #ff0000;\">trop facilement \u00e0 leur but, les \u00e9preuves sont vite surmont\u00e9es, et pas assez nombreuses \u00e0 mon go\u00fbt. D\u00e8s qu&rsquo;ils entreprennent quelque chose, ils le r\u00e9ussissent, et souvent du premier coup. Aussi, ils ont une chance insolente, qui contraste avec les dangers du lieu.<\/span><br \/><\/span><\/span><\/strong><\/span><\/p>\n<p style=\"text-align: justify;\"><span style=\"color: #ff0000;\"><strong><span title=\"Modifi\u00e9\">Sinon, j&rsquo;ai bien aim\u00e9 le style d&rsquo;\u00e9criture, et la fa\u00e7on dont ils s&rsquo;en sortent \u00e0 la fin. C&rsquo;est peut-\u00eatre la partie la plus \u00e9tudi\u00e9e de l&rsquo;histoire, mais elle n&rsquo;est pas difficile \u00e0 comprendre, et cette simplicit\u00e9 cadre bien avec le livre, puisque les h\u00e9ros sont des enfants.<\/span><\/strong><\/span><\/p>\n<p style=\"text-align: justify;\"><span style=\"color: #ff9900;\"><strong><span title=\"Modifi\u00e9\"><span style=\"color: #ff6600;\"><span style=\"color: #ff0000;\"> Au sujet des personnages, mon pr\u00e9f\u00e9r\u00e9 \u00e9tait sans doute l&rsquo;explorateur. Son pass\u00e9 est charg\u00e9 de malheurs, et c&rsquo;est captivant la fa\u00e7on qu&rsquo;il a trouv\u00e9e pour se reconstruire. De plus, son d\u00e9vouement pour la nature est touchant, et c&rsquo;est peut \u00eatre ce que j&rsquo;ai pr\u00e9f\u00e9r\u00e9 dans ce livre: la place qu&rsquo;a la nature! Et je suis d\u00e9sesp\u00e9r\u00e9e par les incendies qui justement ravagent la for\u00eat amazonienne en ce moment&#8230;<\/span><br \/><\/span><\/span><\/strong><\/span><\/p>\n<p style=\"text-align: justify;\"><span style=\"color: #db1a27;\"><strong><span title=\"Modifi\u00e9\">\u00a0<\/span><\/strong><\/span><span title=\"Modifi\u00e9\"><img loading=\"lazy\" class=\"size-full wp-image-268 alignright\" src=\"http:\/\/leslivresdaglae.fr\/wp-content\/uploads\/2016\/11\/livre42.png\" alt=\"\" width=\"127\" height=\"30\" \/><\/span><\/p>\n<\/div>\n<\/div>\n\n","protected":false},"excerpt":{"rendered":"<p>Depuis son si\u00e8ge \u00e0 bord d&rsquo;un petit avion, Fred observe la myst\u00e9rieuse for\u00eat amazonienne s&rsquo;\u00e9tendre \u00e0 perte de vue. Il r\u00eave de devenir explorateur, de voir son nom figurer parmi ceux des grands aventuriers. Quand l&rsquo;avion percute la cime des arbres, Fred se retrouve seul, au coeur de la jungle immense et sauvage, avec trois autres enfants, Connie, Max et Lila.<\/p>\n","protected":false},"author":2,"featured_media":5760,"comment_status":"open","ping_status":"open","sticky":false,"template":"","format":"standard","meta":[],"categories":[29,14,3],"tags":[],"post_mailing_queue_ids":[],"_links":{"self":[{"href":"https:\/\/leslivresdaglae.fr\/index.php\/wp-json\/wp\/v2\/posts\/5753"}],"collection":[{"href":"https:\/\/leslivresdaglae.fr\/index.php\/wp-json\/wp\/v2\/posts"}],"about":[{"href":"https:\/\/leslivresdaglae.fr\/index.php\/wp-json\/wp\/v2\/types\/post"}],"author":[{"embeddable":true,"href":"https:\/\/leslivresdaglae.fr\/index.php\/wp-json\/wp\/v2\/users\/2"}],"replies":[{"embeddable":true,"href":"https:\/\/leslivresdaglae.fr\/index.php\/wp-json\/wp\/v2\/comments?post=5753"}],"version-history":[{"count":8,"href":"https:\/\/leslivresdaglae.fr\/index.php\/wp-json\/wp\/v2\/posts\/5753\/revisions"}],"predecessor-version":[{"id":6697,"href":"https:\/\/leslivresdaglae.fr\/index.php\/wp-json\/wp\/v2\/posts\/5753\/revisions\/6697"}],"wp:featuredmedia":[{"embeddable":true,"href":"https:\/\/leslivresdaglae.fr\/index.php\/wp-json\/wp\/v2\/media\/5760"}],"wp:attachment":[{"href":"https:\/\/leslivresdaglae.fr\/index.php\/wp-json\/wp\/v2\/media?parent=5753"}],"wp:term":[{"taxonomy":"category","embeddable":true,"href":"https:\/\/leslivresdaglae.fr\/index.php\/wp-json\/wp\/v2\/categories?post=5753"},{"taxonomy":"post_tag","embeddable":true,"href":"https:\/\/leslivresdaglae.fr\/index.php\/wp-json\/wp\/v2\/tags?post=5753"}],"curies":[{"name":"wp","href":"https:\/\/api.w.org\/{rel}","templated":true}]}}