{"id":5834,"date":"2019-09-11T16:59:36","date_gmt":"2019-09-11T14:59:36","guid":{"rendered":"http:\/\/leslivresdaglae.fr\/?p=5834"},"modified":"2020-03-18T08:58:24","modified_gmt":"2020-03-18T07:58:24","slug":"aurore","status":"publish","type":"post","link":"https:\/\/leslivresdaglae.fr\/index.php\/2019\/09\/11\/aurore\/","title":{"rendered":"Aurore"},"content":{"rendered":"\n<p><\/p>\n\n\n<div class=\"_ebcx9\">\n<div class=\"_4a48i _277v9\">\n<p><span style=\"color: #451fcf;\"><span style=\"color: #000000;\"><em>Auteur <\/em><em>:<\/em><strong><em> J\u00e9r\u00e9mie Kisling<br \/><\/em><\/strong><em>Editeur\u00a0:<\/em><strong><em> Slalom<br \/><\/em><\/strong><em>2019 \/ 154 pages<br \/>10.90 <\/em><\/span><em><span style=\"color: #000000;\">\u20ac <\/span><br \/><\/em><\/span><\/p>\n<p style=\"text-align: justify;\"><span title=\"Modifi\u00e9\">Lorsqu&rsquo;Aurore, une adolescente de quinze ans, comprend qu&rsquo;elle a \u00e9t\u00e9 adopt\u00e9e, ses certitudes volent en \u00e9clats, ses rep\u00e8res s&rsquo;\u00e9croulent. C&rsquo;est la fin du monde, la fin de son monde. La rencontre d&rsquo;un \u00eatre encore plus d\u00e9racin\u00e9 qu&rsquo;elle va lui ouvrir les yeux et lui permettre de se d\u00e9couvrir. La nouvelle Aurore se r\u00e9v\u00e9lera encore plus espi\u00e8gle et d\u00e9termin\u00e9e que l&rsquo;ancienne, d\u00e9sormais habit\u00e9e d&rsquo;une passion et forte de liens plus solides que jamais.<\/span><span title=\"Modifi\u00e9\"><br \/><\/span><\/p>\n<p style=\"text-align: justify;\"><span style=\"color: #666699;\"><strong><span title=\"Modifi\u00e9\"><span style=\"text-decoration: underline;\">Mon avis: <\/span><\/span><\/strong><\/span><\/p>\n<p style=\"text-align: justify;\"><span style=\"color: #666699;\"><span title=\"Modifi\u00e9\">Habituellement je pr\u00e9f\u00e8re les romans fantastiques ou historiques, et je lis moins d&rsquo;histoires se d\u00e9roulant dans la vie quotidienne, \u00e0 notre \u00e9poque. J&rsquo;ai quand m\u00eame voulu lire ce roman choisi chez les \u00e9ditions Slalom et je l&rsquo;ai bien aim\u00e9 au bout du compte! <\/span><\/span><\/p>\n<p style=\"text-align: justify;\"><span style=\"color: #666699;\"><span title=\"Modifi\u00e9\">Dans ce livre on partage la\u00a0 vie d&rsquo;Aurore, ses tourments, sa peine lorsqu&rsquo;elle apprend qu&rsquo;elle a \u00e9t\u00e9 adopt\u00e9e. On plonge dans l&rsquo;esprit d&rsquo;une ado originale, on s&rsquo;int\u00e9resse \u00e0 sa vie et aux bouleversements qu&rsquo;elle va conna\u00eetre.<\/span><\/span><\/p>\n<p style=\"text-align: justify;\"><span style=\"color: #666699;\"><span title=\"Modifi\u00e9\"> C&rsquo;est Aurore qui raconte et j&rsquo;ai trouv\u00e9 certaines de ses r\u00e9flexions tr\u00e8s belles, po\u00e9tiques et profondes, sans que cela complique la lecture par ailleurs!<\/span><span title=\"Modifi\u00e9\"><br \/><\/span><\/span><\/p>\n<p style=\"text-align: justify;\"><span style=\"color: #666699;\">J&rsquo;ai particuli\u00e8rement appr\u00e9ci\u00e9 les jeux de mots qu&rsquo;elle fait, les expressions d\u00e9form\u00e9es et les phrases sans queue ni t\u00eate parfois! Cela ajoute un petit c\u00f4t\u00e9 bizarre \u00e0 ce livre, et j&rsquo;ai bien aim\u00e9 ce style! <\/span><\/p>\n<p style=\"text-align: justify;\"><span style=\"color: #666699;\">A la fin du roman on peut t\u00e9l\u00e9charger une chanson originale cr\u00e9\u00e9e et interpr\u00e9t\u00e9e par l&rsquo;auteur qui est avant tout un chanteur. <\/span><span style=\"color: #666699;\">C&rsquo;est comme une B.O. et cela fait r\u00e9f\u00e9rence \u00e0 un passage du livre. On s&rsquo;imagine encore mieux dans l&rsquo;histoire!<\/span><\/p>\n<\/div>\n<div class=\"_4a48i _277v9\">\n<p style=\"text-align: justify;\"><span style=\"color: #46a386;\"><strong><span title=\"Modifi\u00e9\"> <em><span id=\"resume-infobull-out3175610\" class=\"resume-infobull-out\"><span id=\"resume-infobull-in3175610\" class=\"resume-infobull-in loaded\"><span id=\"resume-infobull-out3644723\" class=\"resume-infobull-out\"><span id=\"resume-infobull-in3644723\" class=\"resume-infobull-in loaded\"><span id=\"resume-infobull-out2128976\" class=\"resume-infobull-out\"><span id=\"resume-infobull-in2128976\" class=\"resume-infobull-in loaded\"><img loading=\"lazy\" class=\"size-full wp-image-267 alignright\" src=\"http:\/\/leslivresdaglae.fr\/wp-content\/uploads\/2016\/11\/livre32.png\" alt=\"\" width=\"125\" height=\"30\" \/><\/span><\/span><\/span><\/span><\/span><\/span><\/em><\/span><\/strong><\/span><\/p>\n<p style=\"text-align: justify;\"><span title=\"Modifi\u00e9\">\u00a0<\/span><\/p>\n<\/div>\n<\/div>\n\n","protected":false},"excerpt":{"rendered":"<p>Lorsqu&rsquo;Aurore, une adolescente de quinze ans, comprend qu&rsquo;elle a \u00e9t\u00e9 adopt\u00e9e, ses certitudes volent en \u00e9clats, ses rep\u00e8res s&rsquo;\u00e9croulent. C&rsquo;est la fin du monde, la fin de son monde.<\/p>\n","protected":false},"author":2,"featured_media":5838,"comment_status":"open","ping_status":"open","sticky":false,"template":"","format":"standard","meta":[],"categories":[12,3,4],"tags":[],"post_mailing_queue_ids":[],"_links":{"self":[{"href":"https:\/\/leslivresdaglae.fr\/index.php\/wp-json\/wp\/v2\/posts\/5834"}],"collection":[{"href":"https:\/\/leslivresdaglae.fr\/index.php\/wp-json\/wp\/v2\/posts"}],"about":[{"href":"https:\/\/leslivresdaglae.fr\/index.php\/wp-json\/wp\/v2\/types\/post"}],"author":[{"embeddable":true,"href":"https:\/\/leslivresdaglae.fr\/index.php\/wp-json\/wp\/v2\/users\/2"}],"replies":[{"embeddable":true,"href":"https:\/\/leslivresdaglae.fr\/index.php\/wp-json\/wp\/v2\/comments?post=5834"}],"version-history":[{"count":9,"href":"https:\/\/leslivresdaglae.fr\/index.php\/wp-json\/wp\/v2\/posts\/5834\/revisions"}],"predecessor-version":[{"id":7044,"href":"https:\/\/leslivresdaglae.fr\/index.php\/wp-json\/wp\/v2\/posts\/5834\/revisions\/7044"}],"wp:featuredmedia":[{"embeddable":true,"href":"https:\/\/leslivresdaglae.fr\/index.php\/wp-json\/wp\/v2\/media\/5838"}],"wp:attachment":[{"href":"https:\/\/leslivresdaglae.fr\/index.php\/wp-json\/wp\/v2\/media?parent=5834"}],"wp:term":[{"taxonomy":"category","embeddable":true,"href":"https:\/\/leslivresdaglae.fr\/index.php\/wp-json\/wp\/v2\/categories?post=5834"},{"taxonomy":"post_tag","embeddable":true,"href":"https:\/\/leslivresdaglae.fr\/index.php\/wp-json\/wp\/v2\/tags?post=5834"}],"curies":[{"name":"wp","href":"https:\/\/api.w.org\/{rel}","templated":true}]}}