{"id":7427,"date":"2020-06-08T19:59:37","date_gmt":"2020-06-08T17:59:37","guid":{"rendered":"http:\/\/leslivresdaglae.fr\/?p=7427"},"modified":"2020-06-09T09:28:28","modified_gmt":"2020-06-09T07:28:28","slug":"la-legende-des-quatre-3-le-clan-des-serpents","status":"publish","type":"post","link":"https:\/\/leslivresdaglae.fr\/index.php\/2020\/06\/08\/la-legende-des-quatre-3-le-clan-des-serpents\/","title":{"rendered":"La l\u00e9gende des quatre &#8211; 3. Le clan des serpents"},"content":{"rendered":"<div class=\"_ebcx9\">\n<div class=\"_4a48i _277v9\">\n<p><em>Autrice <\/em><em>: <strong>Cassandra O&rsquo;Donnell<\/strong><br \/>\n<\/em><em>Editeur\u00a0:<\/em><strong><em> Flammarion Jeunesse<br \/>\n<\/em><\/strong><em>2019<\/em><em> \/ 432 pages<br \/>\n15.00 \u20ac<span title=\"Modifi\u00e9\">\u00a0<\/span> <\/em><\/p>\n<p style=\"text-align: justify;\"><span title=\"Modifi\u00e9\"><span id=\"react-root\">Ils sont quatre, h\u00e9ritiers de leurs clans&#8230; Ils doivent s&rsquo;unir pour survivre. <\/span><\/span><\/p>\n<p style=\"text-align: justify;\"><span title=\"Modifi\u00e9\"><span id=\"react-root\">Tome 3: Pour la premi\u00e8re fois, les quatre clans autrefois ennemis d\u00e9cident de se regrouper en une immense arm\u00e9e pour lutter contre les humains. Mais face \u00e0 la f\u00e9rocit\u00e9 de Wan, d\u00e9cid\u00e9 \u00e0 mener une lutte sans merci, Maya s&rsquo;indigne du sort r\u00e9serv\u00e9 aux innocents. Parviendra-t-elle \u00e0 faire plier l&rsquo;inflexible prince des Serpa\u00efs ? Sans compter que la menace pourrait aussi venir de leur propre camp&#8230;\u00a0<\/span><\/span><span id=\"react-root\"><\/span><\/p>\n<p><span style=\"color: #008000;\"><strong><span class=\"resume-infobull-out\"><span class=\"resume-infobull-in loaded\"><span title=\"Modifi\u00e9\"><span style=\"text-decoration: underline;\">Mon avis\u00a0<\/span>:<\/span><\/span><\/span><\/strong><\/span><\/p>\n<p style=\"text-align: justify;\"><span style=\"color: #008000;\">Que dire de ce roman\u2026 A part que je suis juste absolument fan\u00a0!<\/span><\/p>\n<p style=\"text-align: justify;\"><span style=\"color: #008000;\">Dans le premier tome de la saga, on fait la rencontre de quatre personnages, quatre h\u00e9ritiers de quatre clans. Des clans un peu particuliers, des clans de Yoka\u00efs, des \u00eatres qui changent de forme, passant de la condition humaine \u00e0 celle animale (en plus d\u00e9velopp\u00e9e). Ces loups, aigles, tigres et serpents (mes pr\u00e9f\u00e9r\u00e9s) sont dans une situation conflictuelle depuis des si\u00e8cles ! Alors quand les humains, anciens destructeurs de la Terre, plac\u00e9s sous le joug des Yokais pour qu\u2019ils ne recommencent plus, se rebellent, il n\u2019y a gu\u00e8re de monde pour les en emp\u00eacher. Maya, Nel, Bregan et Wan vont, contre tous les tabous et toutes les r\u00e8gles, s\u2019unir pour emp\u00eacher cette menace de s\u00e9vir, alors que leurs clans sont occup\u00e9s \u00e0 se quereller.<\/span><\/p>\n<p style=\"text-align: justify;\"><span style=\"color: #008000;\">Pour tout vous dire, ce tome trois m\u2019a encore plus bluff\u00e9e que les deux pr\u00e9c\u00e9dents. Pourquoi ??? La principale raison est que ce tome-ci est consacr\u00e9 \u00e0 Wan, le best h\u00e9ros de cette saga. Je ne vous le cache pas, devant lui -et devant le talent giga gigantesque de cette autrice- je suis juste muette. Alors qu\u2019habituellement, je suis plut\u00f4t du genre\u2026 bavarde.<\/span><\/p>\n<p style=\"text-align: justify;\"><span style=\"color: #008000;\">Bregan m\u2019agace toujours autant, Nel est toujours aussi myst\u00e9rieuse et intelligente que dans les livres pr\u00e9cedents, Maya reste fid\u00e8le \u00e0 elle-m\u00eame -et je ne sais toujours pas si je l\u2019aime ou la d\u00e9teste- et Wan\u2026 est Wan! C\u2019est-\u00e0-dire que c\u2019est mon perso pr\u00e9f\u00e9r\u00e9 de tous les temps, \u00e0 \u00e9galit\u00e9 avec Tugdual et (peut-\u00eatre) Drago.<\/span><\/p>\n<p style=\"text-align: justify;\"><span style=\"color: #008000;\">Bon, vous l\u2019avez compris, le point fort de cette saga est toujours et \u00e9ternellement ses personnages.<\/span><\/p>\n<p style=\"text-align: justify;\"><span style=\"color: #008000;\">MAIS ! Il y a tellement de points positifs, que je ne pourrais pas tout vous d\u00e9crire. Les aventures, l\u2019intrigue, les retournements de situation, les surprises, le suspense, les relations entre persos. Rien de TRES compliqu\u00e9 ou TRES original, mais \u00e7a ne manque pas de m\u2019emporter. Le principe en lui-m\u00eame est super -original, int\u00e9ressant, <em>d\u00e9stabilisant<\/em>, terriblement emportant (\u00e7a se dit, \u00e7a ?)- je l\u2019adore !<\/span><\/p>\n<p style=\"text-align: justify;\"><span style=\"color: #008000;\">L\u2019\u00e9criture elle-m\u00eame est tr\u00e8s jolie. Pas forc\u00e9ment tr\u00e8s \u00e9labor\u00e9e, mais propre \u00e0 l\u2019autrice, et qui m\u2019emporte \u00e0 chaque tome.<\/span><\/p>\n<p style=\"text-align: justify;\"><span style=\"color: #008000;\">Booonnn\u2026 La seule que j\u2019ai \u00e0 dire maintenant, c\u2019est\u2026 J\u2019AI TELLEMENT H\u00c2TE DE LIRE LE DERNIER TOME qui sortira je crois cet automne !!! Et en m\u00eame temps\u2026 Je le redoute \u00e0 mort. Quitter ces persos, cet univers\u2026<\/span><\/p>\n<p style=\"text-align: justify;\"><span id=\"react-root\"><\/span><span id=\"react-root\"><\/span><img loading=\"lazy\" class=\"size-full wp-image-268 alignright\" src=\"http:\/\/leslivresdaglae.fr\/wp-content\/uploads\/2016\/11\/livre42.png\" alt=\"\" width=\"127\" height=\"30\" \/><\/p>\n<\/div>\n<\/div>\n","protected":false},"excerpt":{"rendered":"<p>Pour la premi\u00e8re fois, les quatre clans autrefois ennemis d\u00e9cident de se regrouper en une immense arm\u00e9e pour lutter contre les humains.<\/p>\n","protected":false},"author":2,"featured_media":7436,"comment_status":"open","ping_status":"open","sticky":false,"template":"","format":"standard","meta":[],"categories":[5,14,3],"tags":[],"post_mailing_queue_ids":[],"_links":{"self":[{"href":"https:\/\/leslivresdaglae.fr\/index.php\/wp-json\/wp\/v2\/posts\/7427"}],"collection":[{"href":"https:\/\/leslivresdaglae.fr\/index.php\/wp-json\/wp\/v2\/posts"}],"about":[{"href":"https:\/\/leslivresdaglae.fr\/index.php\/wp-json\/wp\/v2\/types\/post"}],"author":[{"embeddable":true,"href":"https:\/\/leslivresdaglae.fr\/index.php\/wp-json\/wp\/v2\/users\/2"}],"replies":[{"embeddable":true,"href":"https:\/\/leslivresdaglae.fr\/index.php\/wp-json\/wp\/v2\/comments?post=7427"}],"version-history":[{"count":8,"href":"https:\/\/leslivresdaglae.fr\/index.php\/wp-json\/wp\/v2\/posts\/7427\/revisions"}],"predecessor-version":[{"id":7439,"href":"https:\/\/leslivresdaglae.fr\/index.php\/wp-json\/wp\/v2\/posts\/7427\/revisions\/7439"}],"wp:featuredmedia":[{"embeddable":true,"href":"https:\/\/leslivresdaglae.fr\/index.php\/wp-json\/wp\/v2\/media\/7436"}],"wp:attachment":[{"href":"https:\/\/leslivresdaglae.fr\/index.php\/wp-json\/wp\/v2\/media?parent=7427"}],"wp:term":[{"taxonomy":"category","embeddable":true,"href":"https:\/\/leslivresdaglae.fr\/index.php\/wp-json\/wp\/v2\/categories?post=7427"},{"taxonomy":"post_tag","embeddable":true,"href":"https:\/\/leslivresdaglae.fr\/index.php\/wp-json\/wp\/v2\/tags?post=7427"}],"curies":[{"name":"wp","href":"https:\/\/api.w.org\/{rel}","templated":true}]}}