{"id":833,"date":"2017-01-13T19:37:25","date_gmt":"2017-01-13T18:37:25","guid":{"rendered":"http:\/\/leslivresdaglae.fr\/?p=833"},"modified":"2020-03-07T17:55:15","modified_gmt":"2020-03-07T16:55:15","slug":"elisabeth-princesse-a-versailles-6-un-cheval-pour-elisabeth","status":"publish","type":"post","link":"https:\/\/leslivresdaglae.fr\/index.php\/2017\/01\/13\/elisabeth-princesse-a-versailles-6-un-cheval-pour-elisabeth\/","title":{"rendered":"Elisabeth, princesse \u00e0 Versailles &#8211; 6. Un cheval pour Elisabeth"},"content":{"rendered":"<p><span style=\"color: #d60f0f;\"><span style=\"color: #f20771;\"><em><span style=\"text-decoration: underline;\">Auteur<\/span> <\/em><em>:<\/em><strong><em> Annie Jay<\/em><\/strong><\/span><br \/>\n<span style=\"color: #f20771;\"> <em><span style=\"text-decoration: underline;\">Illustrateur<\/span> :<strong> Ariane Delrieu<\/strong><br \/>\n<span style=\"text-decoration: underline;\">Editeur<\/span><\/em> <em>:<\/em><strong><em> Albin Michel Jeunesse<br \/>\n<\/em><\/strong><\/span><span style=\"color: #ed075b;\"><span style=\"color: #f20771;\"><em><span style=\"text-decoration: underline;\">Site officiel<\/span><\/em> <\/span><em><span style=\"color: #f20771;\">: <a style=\"color: #f20771;\" href=\"http:\/\/anniejay.com\/lauteur\"><strong>http:\/\/anniejay.com\/lauteur<\/strong><\/a><\/span><br \/>\n<\/em><\/span><\/span><\/p>\n<p style=\"text-align: justify;\">Elisabeth est une jeune princesse fougueuse, petite s\u0153ur de Louis XVI. Dans ce tome 6, elle apprend qu&rsquo;elle doit se marier dans deux ou trois ans avec l&rsquo;infant du Portugal. Il a treize ans et demi. Pas question pour elle\u00a0! Elle doit trouver un plan&#8230; Heureusement arrive \u00e0 la cour l&rsquo;ambassadeur de Lybie. Il compte offrir au roi Louis-Auguste de magnifiques chevaux arabes. Or Elisabeth va devenir l&rsquo;amie du jeune Samir, fils du chef des soigneurs lybiens. Avec la belle jument Eclipse, le jeune gar\u00e7on pourrait peut-\u00eatre bien l&rsquo;aider&#8230;<\/p>\n<p style=\"text-align: justify;\"><span style=\"color: #207ae8;\"><u>Mon avis<\/u> : <strong>J&rsquo;ai beaucoup aim\u00e9 ce sixi\u00e8me tome\u00a0! Elisabeth vit des aventures \u00e0 l&rsquo;int\u00e9rieur m\u00eame de la cour du roi Louis XVI.\u00a0 C&rsquo;est une princesse rebelle, qui ne se soumet pas aux ordres de Mme de Marsan, sa s\u00e9v\u00e8re gouvernante. Heureusement que sa sous-gouvernante Mme de Mackau et sa fille Ang\u00e9lique, la meilleure amie d&rsquo;Elisabeth, sont l\u00e0 pour la soutenir&#8230; <\/strong><\/span><img loading=\"lazy\" class=\"size-full wp-image-268 alignright\" src=\"http:\/\/leslivresdaglae.fr\/wp-content\/uploads\/2016\/11\/livre42.png\" alt=\"\" width=\"127\" height=\"30\" \/><\/p>\n<p><span style=\"color: #207ae8;\"><strong><span style=\"color: #bc7272;\">Mon avis plus d\u00e9velopp\u00e9 sur le blog de<\/span><span style=\"color: #ff0000;\"> DECITRE <\/span><\/strong><span style=\"color: #ff0000;\"><span style=\"color: #bc7272;\">:<\/span><\/span> <span style=\"text-decoration: underline; color: #bc7272;\"><a style=\"color: #bc7272; text-decoration: underline;\" href=\"http:\/\/www.decitre.fr\/blog\/elisabeth-princesse-a-versailles\">CLIQUE ICI !<\/a><\/span><strong><br \/>\n<\/strong><\/span><\/p>\n<p>Dans la m\u00eame s\u00e9rie j&rsquo;ai aussi lu et ador\u00e9 :<\/p>\n<figure id=\"attachment_837\" aria-describedby=\"caption-attachment-837\" style=\"width: 200px\" class=\"wp-caption alignleft\"><img loading=\"lazy\" class=\"wp-image-837\" src=\"http:\/\/leslivresdaglae.fr\/wp-content\/uploads\/2017\/01\/Elisabeth-T-1.jpg\" width=\"200\" height=\"263\" \/><figcaption id=\"caption-attachment-837\" class=\"wp-caption-text\">Tome 1<\/figcaption><\/figure>\n<figure id=\"attachment_839\" aria-describedby=\"caption-attachment-839\" style=\"width: 200px\" class=\"wp-caption alignleft\"><img loading=\"lazy\" class=\"wp-image-839\" src=\"http:\/\/leslivresdaglae.fr\/wp-content\/uploads\/2017\/01\/Elisabeth-T-3.jpg\" width=\"200\" height=\"261\" \/><figcaption id=\"caption-attachment-839\" class=\"wp-caption-text\">Tome 2<\/figcaption><\/figure>\n<figure id=\"attachment_853\" aria-describedby=\"caption-attachment-853\" style=\"width: 200px\" class=\"wp-caption alignleft\"><img loading=\"lazy\" class=\"wp-image-853\" src=\"http:\/\/leslivresdaglae.fr\/wp-content\/uploads\/2017\/01\/Elisabeth-T.2.jpg\" width=\"200\" height=\"267\" \/><figcaption id=\"caption-attachment-853\" class=\"wp-caption-text\">Tome 3<\/figcaption><\/figure>\n<figure id=\"attachment_840\" aria-describedby=\"caption-attachment-840\" style=\"width: 200px\" class=\"wp-caption alignleft\"><img loading=\"lazy\" class=\"wp-image-840\" src=\"http:\/\/leslivresdaglae.fr\/wp-content\/uploads\/2017\/01\/Elisabeth-T-4.jpg\" width=\"200\" height=\"268\" \/><figcaption id=\"caption-attachment-840\" class=\"wp-caption-text\">Tome 4<\/figcaption><\/figure>\n<figure id=\"attachment_1196\" aria-describedby=\"caption-attachment-1196\" style=\"width: 200px\" class=\"wp-caption alignleft\"><img loading=\"lazy\" class=\"size-full wp-image-1196\" src=\"http:\/\/leslivresdaglae.fr\/wp-content\/uploads\/2017\/01\/Le-traineau-dore-e1485737239914.jpg\" alt=\"\" width=\"200\" height=\"266\" \/><figcaption id=\"caption-attachment-1196\" class=\"wp-caption-text\">Tome 5<\/figcaption><\/figure>\n<p style=\"text-align: left;\">Et la collection continue\u00a0!<\/p>\n<figure id=\"attachment_2116\" aria-describedby=\"caption-attachment-2116\" style=\"width: 200px\" class=\"wp-caption alignnone\"><img loading=\"lazy\" class=\" wp-image-2116\" src=\"http:\/\/leslivresdaglae.fr\/wp-content\/uploads\/2017\/01\/Elisabeth-tome-7.jpg\" alt=\"\" width=\"200\" height=\"262\" srcset=\"https:\/\/leslivresdaglae.fr\/wp-content\/uploads\/2017\/01\/Elisabeth-tome-7.jpg 610w, https:\/\/leslivresdaglae.fr\/wp-content\/uploads\/2017\/01\/Elisabeth-tome-7-229x300.jpg 229w\" sizes=\"(max-width: 200px) 100vw, 200px\" \/><figcaption id=\"caption-attachment-2116\" class=\"wp-caption-text\">Tome 7<\/figcaption><\/figure>\n","protected":false},"excerpt":{"rendered":"<p>Elisabeth est une jeune princesse fougueuse, petite s\u0153ur de Louis XVI. Dans ce tome 6, elle apprend qu&rsquo;elle doit se marier dans deux ou trois ans avec l&rsquo;infant du Portugal&#8230;<\/p>\n","protected":false},"author":2,"featured_media":835,"comment_status":"open","ping_status":"open","sticky":false,"template":"","format":"standard","meta":[],"categories":[6,14],"tags":[],"post_mailing_queue_ids":[],"_links":{"self":[{"href":"https:\/\/leslivresdaglae.fr\/index.php\/wp-json\/wp\/v2\/posts\/833"}],"collection":[{"href":"https:\/\/leslivresdaglae.fr\/index.php\/wp-json\/wp\/v2\/posts"}],"about":[{"href":"https:\/\/leslivresdaglae.fr\/index.php\/wp-json\/wp\/v2\/types\/post"}],"author":[{"embeddable":true,"href":"https:\/\/leslivresdaglae.fr\/index.php\/wp-json\/wp\/v2\/users\/2"}],"replies":[{"embeddable":true,"href":"https:\/\/leslivresdaglae.fr\/index.php\/wp-json\/wp\/v2\/comments?post=833"}],"version-history":[{"count":43,"href":"https:\/\/leslivresdaglae.fr\/index.php\/wp-json\/wp\/v2\/posts\/833\/revisions"}],"predecessor-version":[{"id":6723,"href":"https:\/\/leslivresdaglae.fr\/index.php\/wp-json\/wp\/v2\/posts\/833\/revisions\/6723"}],"wp:featuredmedia":[{"embeddable":true,"href":"https:\/\/leslivresdaglae.fr\/index.php\/wp-json\/wp\/v2\/media\/835"}],"wp:attachment":[{"href":"https:\/\/leslivresdaglae.fr\/index.php\/wp-json\/wp\/v2\/media?parent=833"}],"wp:term":[{"taxonomy":"category","embeddable":true,"href":"https:\/\/leslivresdaglae.fr\/index.php\/wp-json\/wp\/v2\/categories?post=833"},{"taxonomy":"post_tag","embeddable":true,"href":"https:\/\/leslivresdaglae.fr\/index.php\/wp-json\/wp\/v2\/tags?post=833"}],"curies":[{"name":"wp","href":"https:\/\/api.w.org\/{rel}","templated":true}]}}